{"id":1710,"date":"2026-03-06T13:32:05","date_gmt":"2026-03-06T19:32:05","guid":{"rendered":"https:\/\/formulaenlosnegocios.com.mx\/?p=1710"},"modified":"2026-03-06T13:32:05","modified_gmt":"2026-03-06T19:32:05","slug":"guerra-en-oriente-medio-golpeara-la-economia-mundial-con-una-fuerza-de-magnitud-incierta","status":"publish","type":"post","link":"https:\/\/formulaenlosnegocios.com.mx\/index.php\/2026\/03\/06\/guerra-en-oriente-medio-golpeara-la-economia-mundial-con-una-fuerza-de-magnitud-incierta\/","title":{"rendered":"Guerra en Oriente Medio golpear\u00e1 la econom\u00eda mundial con una fuerza de magnitud incierta"},"content":{"rendered":"<p class=\"p1\"><b>MESA FINANCIERA<\/b><\/p>\n<p class=\"p2\">Mi\u00e9rcoles 4 marzo 2026<\/p>\n<p class=\"p3\"><b>\u00abEl Mencho\u00bb cae y Moody\u2019s alerta riesgos para la<\/b><\/p>\n<p class=\"p3\"><b>econom\u00eda y calificaci\u00f3n de M\u00e9xico<\/b><\/p>\n<p class=\"p4\">https:\/\/expansion.mx\/economia\/2026\/02\/27\/el-mencho-cae-moodys-alerta-riesgos-<\/p>\n<p class=\"p4\">economia-y-calificacion<\/p>\n<p class=\"p3\"><b>En tres d\u00edas roban 396 veh\u00edculos en Jalisco y exhiben la<\/b><\/p>\n<p class=\"p3\"><b>fragilidad carretera<\/b><\/p>\n<p class=\"p4\">https:\/\/expansion.mx\/empresas\/2026\/02\/27\/carreteras-punto-debil-mexico-<\/p>\n<p class=\"p4\">evidenciado-muerte-el-mencho<\/p>\n<p class=\"p3\"><b>Guerra en Oriente Medio golpear\u00e1 la econom\u00eda mundial<\/b><\/p>\n<p class=\"p3\"><b>con una fuerza de magnitud incierta<\/b><\/p>\n<p class=\"p4\">https:\/\/expansion.mx\/economia\/2026\/03\/02\/guerra-en-oriente-medio-golpeara-la-<\/p>\n<p class=\"p4\">economia-mundial-con-una-fuerza-de-magnitud-incierta<\/p>\n<p class=\"p3\"><b>Empleo en M\u00e9xico arranca 2026 con m\u00e1s informalidad y<\/b><\/p>\n<p class=\"p3\"><b>menor participaci\u00f3n<\/b><\/p>\n<p class=\"p4\">https:\/\/expansion.mx\/economia\/2026\/02\/26\/empleo-en-mexico-arranca-2026-con-<\/p>\n<p class=\"p4\">mas-informalidad-y-menor-participacion<\/p>\n<p class=\"p3\"><b>Febrero castiga el rendimiento de los Cetes mientras que<\/b><\/p>\n<p class=\"p3\"><b>la inflaci\u00f3n cobra fuerza en M\u00e9xico<\/b><\/p>\n<p class=\"p4\">https:\/\/expansion.mx\/economia\/2026\/02\/24\/ganancia-cetes-hoy-24-febrero<\/p>\n<p class=\"p3\"><b>Cada mexicano debe 151,000 pesos; la deuda p\u00fablica en<\/b><\/p>\n<p class=\"p3\"><b>5 gr\u00e1ficas<\/b><\/p>\n<p class=\"p5\">https:\/\/expansion.mx\/economia\/2026\/02\/25\/si-deuda-publica-se-repartiera-entre-<\/p>\n<p class=\"p5\">todos-cada-mexicano-pagar-151-000-pesos<\/p>\n","protected":false},"excerpt":{"rendered":"<p>MESA FINANCIERA Mi\u00e9rcoles 4 marzo 2026 \u00abEl Mencho\u00bb cae y Moody\u2019s alerta riesgos para la econom\u00eda y calificaci\u00f3n de M\u00e9xico https:\/\/expansion.mx\/economia\/2026\/02\/27\/el-mencho-cae-moodys-alerta-riesgos- economia-y-calificacion En tres d\u00edas roban 396 veh\u00edculos en Jalisco y exhiben la fragilidad carretera https:\/\/expansion.mx\/empresas\/2026\/02\/27\/carreteras-punto-debil-mexico- evidenciado-muerte-el-mencho Guerra en Oriente&#8230; <\/p>\n","protected":false},"author":1,"featured_media":1711,"comment_status":"open","ping_status":"closed","sticky":false,"template":"","format":"standard","meta":{"footnotes":""},"categories":[23],"tags":[],"class_list":["post-1710","post","type-post","status-publish","format-standard","has-post-thumbnail","hentry","category-finanzas"],"yoast_head":"<!-- This site is optimized with the Yoast SEO plugin v24.8.1 - https:\/\/yoast.com\/wordpress\/plugins\/seo\/ -->\n<title>Guerra en Oriente Medio golpear\u00e1 la econom\u00eda mundial con una fuerza de magnitud incierta - FORMULA EN LOS NEGOCIOS<\/title>\n<meta name=\"description\" content=\"Mi\u00e9rcoles 4 de marzo 2026. F\u00f3rmula en los Negocios, La F\u00f3rmula del \u00c9xito. Conversaci\u00f3n con Gustavo P\u00e9rez Dur\u00e1n y Roberto Cruz Lozano\" \/>\n<meta name=\"robots\" content=\"index, follow, max-snippet:-1, max-image-preview:large, max-video-preview:-1\" \/>\n<link rel=\"canonical\" href=\"https:\/\/formulaenlosnegocios.com.mx\/index.php\/2026\/03\/06\/guerra-en-oriente-medio-golpeara-la-economia-mundial-con-una-fuerza-de-magnitud-incierta\/\" \/>\n<meta property=\"og:locale\" content=\"es_ES\" \/>\n<meta property=\"og:type\" content=\"article\" \/>\n<meta property=\"og:title\" content=\"Guerra en Oriente Medio golpear\u00e1 la econom\u00eda mundial con una fuerza de magnitud incierta - FORMULA EN LOS NEGOCIOS\" \/>\n<meta property=\"og:description\" content=\"Mi\u00e9rcoles 4 de marzo 2026. F\u00f3rmula en los Negocios, La F\u00f3rmula del \u00c9xito. Conversaci\u00f3n con Gustavo P\u00e9rez Dur\u00e1n y Roberto Cruz Lozano\" \/>\n<meta property=\"og:url\" content=\"https:\/\/formulaenlosnegocios.com.mx\/index.php\/2026\/03\/06\/guerra-en-oriente-medio-golpeara-la-economia-mundial-con-una-fuerza-de-magnitud-incierta\/\" \/>\n<meta property=\"og:site_name\" content=\"FORMULA EN LOS NEGOCIOS\" \/>\n<meta property=\"article:published_time\" content=\"2026-03-06T19:32:05+00:00\" \/>\n<meta property=\"og:image\" content=\"https:\/\/formulaenlosnegocios.com.mx\/wp-content\/uploads\/2026\/03\/MIERCOLES-4.png\" \/>\n\t<meta property=\"og:image:width\" content=\"1280\" \/>\n\t<meta property=\"og:image:height\" content=\"720\" \/>\n\t<meta property=\"og:image:type\" content=\"image\/png\" \/>\n<meta name=\"author\" content=\"admin\" \/>\n<meta name=\"twitter:card\" content=\"summary_large_image\" \/>\n<meta name=\"twitter:label1\" content=\"Escrito por\" \/>\n\t<meta name=\"twitter:data1\" content=\"admin\" \/>\n\t<meta name=\"twitter:label2\" content=\"Tiempo de lectura\" \/>\n\t<meta name=\"twitter:data2\" content=\"1 minuto\" \/>\n<script type=\"application\/ld+json\" class=\"yoast-schema-graph\">{\"@context\":\"https:\/\/schema.org\",\"@graph\":[{\"@type\":\"Article\",\"@id\":\"https:\/\/formulaenlosnegocios.com.mx\/index.php\/2026\/03\/06\/guerra-en-oriente-medio-golpeara-la-economia-mundial-con-una-fuerza-de-magnitud-incierta\/#article\",\"isPartOf\":{\"@id\":\"https:\/\/formulaenlosnegocios.com.mx\/index.php\/2026\/03\/06\/guerra-en-oriente-medio-golpeara-la-economia-mundial-con-una-fuerza-de-magnitud-incierta\/\"},\"author\":{\"name\":\"admin\",\"@id\":\"https:\/\/formulaenlosnegocios.com.mx\/#\/schema\/person\/40e5e3a1b959289164d9a67d77d82bf6\"},\"headline\":\"Guerra en Oriente Medio golpear\u00e1 la econom\u00eda mundial con una fuerza de magnitud incierta\",\"datePublished\":\"2026-03-06T19:32:05+00:00\",\"mainEntityOfPage\":{\"@id\":\"https:\/\/formulaenlosnegocios.com.mx\/index.php\/2026\/03\/06\/guerra-en-oriente-medio-golpeara-la-economia-mundial-con-una-fuerza-de-magnitud-incierta\/\"},\"wordCount\":147,\"commentCount\":0,\"publisher\":{\"@id\":\"https:\/\/formulaenlosnegocios.com.mx\/#organization\"},\"image\":{\"@id\":\"https:\/\/formulaenlosnegocios.com.mx\/index.php\/2026\/03\/06\/guerra-en-oriente-medio-golpeara-la-economia-mundial-con-una-fuerza-de-magnitud-incierta\/#primaryimage\"},\"thumbnailUrl\":\"https:\/\/formulaenlosnegocios.com.mx\/wp-content\/uploads\/2026\/03\/MIERCOLES-4.png\",\"articleSection\":[\"Finanzas\"],\"inLanguage\":\"es\",\"potentialAction\":[{\"@type\":\"CommentAction\",\"name\":\"Comment\",\"target\":[\"https:\/\/formulaenlosnegocios.com.mx\/index.php\/2026\/03\/06\/guerra-en-oriente-medio-golpeara-la-economia-mundial-con-una-fuerza-de-magnitud-incierta\/#respond\"]}]},{\"@type\":\"WebPage\",\"@id\":\"https:\/\/formulaenlosnegocios.com.mx\/index.php\/2026\/03\/06\/guerra-en-oriente-medio-golpeara-la-economia-mundial-con-una-fuerza-de-magnitud-incierta\/\",\"url\":\"https:\/\/formulaenlosnegocios.com.mx\/index.php\/2026\/03\/06\/guerra-en-oriente-medio-golpeara-la-economia-mundial-con-una-fuerza-de-magnitud-incierta\/\",\"name\":\"Guerra en Oriente Medio golpear\u00e1 la econom\u00eda mundial con una fuerza de magnitud incierta - FORMULA EN LOS NEGOCIOS\",\"isPartOf\":{\"@id\":\"https:\/\/formulaenlosnegocios.com.mx\/#website\"},\"primaryImageOfPage\":{\"@id\":\"https:\/\/formulaenlosnegocios.com.mx\/index.php\/2026\/03\/06\/guerra-en-oriente-medio-golpeara-la-economia-mundial-con-una-fuerza-de-magnitud-incierta\/#primaryimage\"},\"image\":{\"@id\":\"https:\/\/formulaenlosnegocios.com.mx\/index.php\/2026\/03\/06\/guerra-en-oriente-medio-golpeara-la-economia-mundial-con-una-fuerza-de-magnitud-incierta\/#primaryimage\"},\"thumbnailUrl\":\"https:\/\/formulaenlosnegocios.com.mx\/wp-content\/uploads\/2026\/03\/MIERCOLES-4.png\",\"datePublished\":\"2026-03-06T19:32:05+00:00\",\"description\":\"Mi\u00e9rcoles 4 de marzo 2026. F\u00f3rmula en los Negocios, La F\u00f3rmula del \u00c9xito. Conversaci\u00f3n con Gustavo P\u00e9rez Dur\u00e1n y Roberto Cruz Lozano\",\"breadcrumb\":{\"@id\":\"https:\/\/formulaenlosnegocios.com.mx\/index.php\/2026\/03\/06\/guerra-en-oriente-medio-golpeara-la-economia-mundial-con-una-fuerza-de-magnitud-incierta\/#breadcrumb\"},\"inLanguage\":\"es\",\"potentialAction\":[{\"@type\":\"ReadAction\",\"target\":[\"https:\/\/formulaenlosnegocios.com.mx\/index.php\/2026\/03\/06\/guerra-en-oriente-medio-golpeara-la-economia-mundial-con-una-fuerza-de-magnitud-incierta\/\"]}]},{\"@type\":\"ImageObject\",\"inLanguage\":\"es\",\"@id\":\"https:\/\/formulaenlosnegocios.com.mx\/index.php\/2026\/03\/06\/guerra-en-oriente-medio-golpeara-la-economia-mundial-con-una-fuerza-de-magnitud-incierta\/#primaryimage\",\"url\":\"https:\/\/formulaenlosnegocios.com.mx\/wp-content\/uploads\/2026\/03\/MIERCOLES-4.png\",\"contentUrl\":\"https:\/\/formulaenlosnegocios.com.mx\/wp-content\/uploads\/2026\/03\/MIERCOLES-4.png\",\"width\":1280,\"height\":720},{\"@type\":\"BreadcrumbList\",\"@id\":\"https:\/\/formulaenlosnegocios.com.mx\/index.php\/2026\/03\/06\/guerra-en-oriente-medio-golpeara-la-economia-mundial-con-una-fuerza-de-magnitud-incierta\/#breadcrumb\",\"itemListElement\":[{\"@type\":\"ListItem\",\"position\":1,\"name\":\"Portada\",\"item\":\"https:\/\/formulaenlosnegocios.com.mx\/\"},{\"@type\":\"ListItem\",\"position\":2,\"name\":\"Guerra en Oriente Medio golpear\u00e1 la econom\u00eda mundial con una fuerza de magnitud incierta\"}]},{\"@type\":\"WebSite\",\"@id\":\"https:\/\/formulaenlosnegocios.com.mx\/#website\",\"url\":\"https:\/\/formulaenlosnegocios.com.mx\/\",\"name\":\"FORMULA EN LOS NEGOCIOS\",\"description\":\"La F\u00f3rmula del \u00c9xito.  El mejor contenido empesarial\",\"publisher\":{\"@id\":\"https:\/\/formulaenlosnegocios.com.mx\/#organization\"},\"potentialAction\":[{\"@type\":\"SearchAction\",\"target\":{\"@type\":\"EntryPoint\",\"urlTemplate\":\"https:\/\/formulaenlosnegocios.com.mx\/?s={search_term_string}\"},\"query-input\":{\"@type\":\"PropertyValueSpecification\",\"valueRequired\":true,\"valueName\":\"search_term_string\"}}],\"inLanguage\":\"es\"},{\"@type\":\"Organization\",\"@id\":\"https:\/\/formulaenlosnegocios.com.mx\/#organization\",\"name\":\"FORMULA EN LOS NEGOCIOS\",\"url\":\"https:\/\/formulaenlosnegocios.com.mx\/\",\"logo\":{\"@type\":\"ImageObject\",\"inLanguage\":\"es\",\"@id\":\"https:\/\/formulaenlosnegocios.com.mx\/#\/schema\/logo\/image\/\",\"url\":\"https:\/\/formulaenlosnegocios.com.mx\/wp-content\/uploads\/2025\/04\/cropped-logo-fen-2.jpg\",\"contentUrl\":\"https:\/\/formulaenlosnegocios.com.mx\/wp-content\/uploads\/2025\/04\/cropped-logo-fen-2.jpg\",\"width\":512,\"height\":280,\"caption\":\"FORMULA EN LOS NEGOCIOS\"},\"image\":{\"@id\":\"https:\/\/formulaenlosnegocios.com.mx\/#\/schema\/logo\/image\/\"}},{\"@type\":\"Person\",\"@id\":\"https:\/\/formulaenlosnegocios.com.mx\/#\/schema\/person\/40e5e3a1b959289164d9a67d77d82bf6\",\"name\":\"admin\",\"image\":{\"@type\":\"ImageObject\",\"inLanguage\":\"es\",\"@id\":\"https:\/\/formulaenlosnegocios.com.mx\/#\/schema\/person\/image\/\",\"url\":\"https:\/\/secure.gravatar.com\/avatar\/1f9b3ac5cdb8ccf60c394ddadc6a8a1e?s=96&d=mm&r=g\",\"contentUrl\":\"https:\/\/secure.gravatar.com\/avatar\/1f9b3ac5cdb8ccf60c394ddadc6a8a1e?s=96&d=mm&r=g\",\"caption\":\"admin\"},\"sameAs\":[\"https:\/\/formulaenlosnegocios.com.mx\"],\"url\":\"https:\/\/formulaenlosnegocios.com.mx\/index.php\/author\/admin_jfwxjszx\/\"}]}<\/script>\n<!-- \/ Yoast SEO plugin. -->","yoast_head_json":{"title":"Guerra en Oriente Medio golpear\u00e1 la econom\u00eda mundial con una fuerza de magnitud incierta - FORMULA EN LOS NEGOCIOS","description":"Mi\u00e9rcoles 4 de marzo 2026. F\u00f3rmula en los Negocios, La F\u00f3rmula del \u00c9xito. Conversaci\u00f3n con Gustavo P\u00e9rez Dur\u00e1n y Roberto Cruz Lozano","robots":{"index":"index","follow":"follow","max-snippet":"max-snippet:-1","max-image-preview":"max-image-preview:large","max-video-preview":"max-video-preview:-1"},"canonical":"https:\/\/formulaenlosnegocios.com.mx\/index.php\/2026\/03\/06\/guerra-en-oriente-medio-golpeara-la-economia-mundial-con-una-fuerza-de-magnitud-incierta\/","og_locale":"es_ES","og_type":"article","og_title":"Guerra en Oriente Medio golpear\u00e1 la econom\u00eda mundial con una fuerza de magnitud incierta - FORMULA EN LOS NEGOCIOS","og_description":"Mi\u00e9rcoles 4 de marzo 2026. F\u00f3rmula en los Negocios, La F\u00f3rmula del \u00c9xito. Conversaci\u00f3n con Gustavo P\u00e9rez Dur\u00e1n y Roberto Cruz Lozano","og_url":"https:\/\/formulaenlosnegocios.com.mx\/index.php\/2026\/03\/06\/guerra-en-oriente-medio-golpeara-la-economia-mundial-con-una-fuerza-de-magnitud-incierta\/","og_site_name":"FORMULA EN LOS NEGOCIOS","article_published_time":"2026-03-06T19:32:05+00:00","og_image":[{"width":1280,"height":720,"url":"https:\/\/formulaenlosnegocios.com.mx\/wp-content\/uploads\/2026\/03\/MIERCOLES-4.png","type":"image\/png"}],"author":"admin","twitter_card":"summary_large_image","twitter_misc":{"Escrito por":"admin","Tiempo de lectura":"1 minuto"},"schema":{"@context":"https:\/\/schema.org","@graph":[{"@type":"Article","@id":"https:\/\/formulaenlosnegocios.com.mx\/index.php\/2026\/03\/06\/guerra-en-oriente-medio-golpeara-la-economia-mundial-con-una-fuerza-de-magnitud-incierta\/#article","isPartOf":{"@id":"https:\/\/formulaenlosnegocios.com.mx\/index.php\/2026\/03\/06\/guerra-en-oriente-medio-golpeara-la-economia-mundial-con-una-fuerza-de-magnitud-incierta\/"},"author":{"name":"admin","@id":"https:\/\/formulaenlosnegocios.com.mx\/#\/schema\/person\/40e5e3a1b959289164d9a67d77d82bf6"},"headline":"Guerra en Oriente Medio golpear\u00e1 la econom\u00eda mundial con una fuerza de magnitud incierta","datePublished":"2026-03-06T19:32:05+00:00","mainEntityOfPage":{"@id":"https:\/\/formulaenlosnegocios.com.mx\/index.php\/2026\/03\/06\/guerra-en-oriente-medio-golpeara-la-economia-mundial-con-una-fuerza-de-magnitud-incierta\/"},"wordCount":147,"commentCount":0,"publisher":{"@id":"https:\/\/formulaenlosnegocios.com.mx\/#organization"},"image":{"@id":"https:\/\/formulaenlosnegocios.com.mx\/index.php\/2026\/03\/06\/guerra-en-oriente-medio-golpeara-la-economia-mundial-con-una-fuerza-de-magnitud-incierta\/#primaryimage"},"thumbnailUrl":"https:\/\/formulaenlosnegocios.com.mx\/wp-content\/uploads\/2026\/03\/MIERCOLES-4.png","articleSection":["Finanzas"],"inLanguage":"es","potentialAction":[{"@type":"CommentAction","name":"Comment","target":["https:\/\/formulaenlosnegocios.com.mx\/index.php\/2026\/03\/06\/guerra-en-oriente-medio-golpeara-la-economia-mundial-con-una-fuerza-de-magnitud-incierta\/#respond"]}]},{"@type":"WebPage","@id":"https:\/\/formulaenlosnegocios.com.mx\/index.php\/2026\/03\/06\/guerra-en-oriente-medio-golpeara-la-economia-mundial-con-una-fuerza-de-magnitud-incierta\/","url":"https:\/\/formulaenlosnegocios.com.mx\/index.php\/2026\/03\/06\/guerra-en-oriente-medio-golpeara-la-economia-mundial-con-una-fuerza-de-magnitud-incierta\/","name":"Guerra en Oriente Medio golpear\u00e1 la econom\u00eda mundial con una fuerza de magnitud incierta - FORMULA EN LOS NEGOCIOS","isPartOf":{"@id":"https:\/\/formulaenlosnegocios.com.mx\/#website"},"primaryImageOfPage":{"@id":"https:\/\/formulaenlosnegocios.com.mx\/index.php\/2026\/03\/06\/guerra-en-oriente-medio-golpeara-la-economia-mundial-con-una-fuerza-de-magnitud-incierta\/#primaryimage"},"image":{"@id":"https:\/\/formulaenlosnegocios.com.mx\/index.php\/2026\/03\/06\/guerra-en-oriente-medio-golpeara-la-economia-mundial-con-una-fuerza-de-magnitud-incierta\/#primaryimage"},"thumbnailUrl":"https:\/\/formulaenlosnegocios.com.mx\/wp-content\/uploads\/2026\/03\/MIERCOLES-4.png","datePublished":"2026-03-06T19:32:05+00:00","description":"Mi\u00e9rcoles 4 de marzo 2026. F\u00f3rmula en los Negocios, La F\u00f3rmula del \u00c9xito. Conversaci\u00f3n con Gustavo P\u00e9rez Dur\u00e1n y Roberto Cruz Lozano","breadcrumb":{"@id":"https:\/\/formulaenlosnegocios.com.mx\/index.php\/2026\/03\/06\/guerra-en-oriente-medio-golpeara-la-economia-mundial-con-una-fuerza-de-magnitud-incierta\/#breadcrumb"},"inLanguage":"es","potentialAction":[{"@type":"ReadAction","target":["https:\/\/formulaenlosnegocios.com.mx\/index.php\/2026\/03\/06\/guerra-en-oriente-medio-golpeara-la-economia-mundial-con-una-fuerza-de-magnitud-incierta\/"]}]},{"@type":"ImageObject","inLanguage":"es","@id":"https:\/\/formulaenlosnegocios.com.mx\/index.php\/2026\/03\/06\/guerra-en-oriente-medio-golpeara-la-economia-mundial-con-una-fuerza-de-magnitud-incierta\/#primaryimage","url":"https:\/\/formulaenlosnegocios.com.mx\/wp-content\/uploads\/2026\/03\/MIERCOLES-4.png","contentUrl":"https:\/\/formulaenlosnegocios.com.mx\/wp-content\/uploads\/2026\/03\/MIERCOLES-4.png","width":1280,"height":720},{"@type":"BreadcrumbList","@id":"https:\/\/formulaenlosnegocios.com.mx\/index.php\/2026\/03\/06\/guerra-en-oriente-medio-golpeara-la-economia-mundial-con-una-fuerza-de-magnitud-incierta\/#breadcrumb","itemListElement":[{"@type":"ListItem","position":1,"name":"Portada","item":"https:\/\/formulaenlosnegocios.com.mx\/"},{"@type":"ListItem","position":2,"name":"Guerra en Oriente Medio golpear\u00e1 la econom\u00eda mundial con una fuerza de magnitud incierta"}]},{"@type":"WebSite","@id":"https:\/\/formulaenlosnegocios.com.mx\/#website","url":"https:\/\/formulaenlosnegocios.com.mx\/","name":"FORMULA EN LOS NEGOCIOS","description":"La F\u00f3rmula del \u00c9xito.  El mejor contenido empesarial","publisher":{"@id":"https:\/\/formulaenlosnegocios.com.mx\/#organization"},"potentialAction":[{"@type":"SearchAction","target":{"@type":"EntryPoint","urlTemplate":"https:\/\/formulaenlosnegocios.com.mx\/?s={search_term_string}"},"query-input":{"@type":"PropertyValueSpecification","valueRequired":true,"valueName":"search_term_string"}}],"inLanguage":"es"},{"@type":"Organization","@id":"https:\/\/formulaenlosnegocios.com.mx\/#organization","name":"FORMULA EN LOS NEGOCIOS","url":"https:\/\/formulaenlosnegocios.com.mx\/","logo":{"@type":"ImageObject","inLanguage":"es","@id":"https:\/\/formulaenlosnegocios.com.mx\/#\/schema\/logo\/image\/","url":"https:\/\/formulaenlosnegocios.com.mx\/wp-content\/uploads\/2025\/04\/cropped-logo-fen-2.jpg","contentUrl":"https:\/\/formulaenlosnegocios.com.mx\/wp-content\/uploads\/2025\/04\/cropped-logo-fen-2.jpg","width":512,"height":280,"caption":"FORMULA EN LOS NEGOCIOS"},"image":{"@id":"https:\/\/formulaenlosnegocios.com.mx\/#\/schema\/logo\/image\/"}},{"@type":"Person","@id":"https:\/\/formulaenlosnegocios.com.mx\/#\/schema\/person\/40e5e3a1b959289164d9a67d77d82bf6","name":"admin","image":{"@type":"ImageObject","inLanguage":"es","@id":"https:\/\/formulaenlosnegocios.com.mx\/#\/schema\/person\/image\/","url":"https:\/\/secure.gravatar.com\/avatar\/1f9b3ac5cdb8ccf60c394ddadc6a8a1e?s=96&d=mm&r=g","contentUrl":"https:\/\/secure.gravatar.com\/avatar\/1f9b3ac5cdb8ccf60c394ddadc6a8a1e?s=96&d=mm&r=g","caption":"admin"},"sameAs":["https:\/\/formulaenlosnegocios.com.mx"],"url":"https:\/\/formulaenlosnegocios.com.mx\/index.php\/author\/admin_jfwxjszx\/"}]}},"jetpack_featured_media_url":"https:\/\/formulaenlosnegocios.com.mx\/wp-content\/uploads\/2026\/03\/MIERCOLES-4.png","_links":{"self":[{"href":"https:\/\/formulaenlosnegocios.com.mx\/index.php\/wp-json\/wp\/v2\/posts\/1710","targetHints":{"allow":["GET"]}}],"collection":[{"href":"https:\/\/formulaenlosnegocios.com.mx\/index.php\/wp-json\/wp\/v2\/posts"}],"about":[{"href":"https:\/\/formulaenlosnegocios.com.mx\/index.php\/wp-json\/wp\/v2\/types\/post"}],"author":[{"embeddable":true,"href":"https:\/\/formulaenlosnegocios.com.mx\/index.php\/wp-json\/wp\/v2\/users\/1"}],"replies":[{"embeddable":true,"href":"https:\/\/formulaenlosnegocios.com.mx\/index.php\/wp-json\/wp\/v2\/comments?post=1710"}],"version-history":[{"count":1,"href":"https:\/\/formulaenlosnegocios.com.mx\/index.php\/wp-json\/wp\/v2\/posts\/1710\/revisions"}],"predecessor-version":[{"id":1712,"href":"https:\/\/formulaenlosnegocios.com.mx\/index.php\/wp-json\/wp\/v2\/posts\/1710\/revisions\/1712"}],"wp:featuredmedia":[{"embeddable":true,"href":"https:\/\/formulaenlosnegocios.com.mx\/index.php\/wp-json\/wp\/v2\/media\/1711"}],"wp:attachment":[{"href":"https:\/\/formulaenlosnegocios.com.mx\/index.php\/wp-json\/wp\/v2\/media?parent=1710"}],"wp:term":[{"taxonomy":"category","embeddable":true,"href":"https:\/\/formulaenlosnegocios.com.mx\/index.php\/wp-json\/wp\/v2\/categories?post=1710"},{"taxonomy":"post_tag","embeddable":true,"href":"https:\/\/formulaenlosnegocios.com.mx\/index.php\/wp-json\/wp\/v2\/tags?post=1710"}],"curies":[{"name":"wp","href":"https:\/\/api.w.org\/{rel}","templated":true}]}}