{"id":1722,"date":"2026-03-11T14:41:23","date_gmt":"2026-03-11T20:41:23","guid":{"rendered":"https:\/\/formulaenlosnegocios.com.mx\/?p=1722"},"modified":"2026-03-11T14:41:23","modified_gmt":"2026-03-11T20:41:23","slug":"abusar-de-las-pantallas-lastra-la-inteligencia-de-los-ninos","status":"publish","type":"post","link":"https:\/\/formulaenlosnegocios.com.mx\/index.php\/2026\/03\/11\/abusar-de-las-pantallas-lastra-la-inteligencia-de-los-ninos\/","title":{"rendered":"Abusar de las pantallas lastra la inteligencia de los ni\u00f1os"},"content":{"rendered":"<p class=\"p1\"><b>Abusar de las pantallas lastra la<\/b><\/p>\n<p class=\"p1\"><b>inteligencia de los ni\u00f1os<\/b><\/p>\n<p class=\"p2\">El efecto del abuso de pantallas entre los m\u00e1s j\u00f3venes es todav\u00eda un campo de<\/p>\n<p class=\"p2\">investigaci\u00f3n muy nuevo y controvertido. Pero los primeros estudios que se est\u00e1n<\/p>\n<p class=\"p2\">realizando para analizar sus consecuencias deben tomarse como una llamada de<\/p>\n<p class=\"p2\">atenci\u00f3n, porque hay se\u00f1ales que indican que lastra el desarrollo cognitivo de los<\/p>\n<p class=\"p2\">menores. El \u00faltimo trabajo, de investigadores canadienses, ha encontrado una<\/p>\n<p class=\"p2\">correlaci\u00f3n muy directa entre el uso de estos dispositivos y la inteligencia de los<\/p>\n<p class=\"p2\">ni\u00f1os, en un momento fundamental para su desarrollo.<\/p>\n<p class=\"p2\">Este estudio compara el desempe\u00f1o intelectual de 4.500 ni\u00f1os estadounidenses<\/p>\n<p class=\"p2\">de entre 8 y 11 a\u00f1os en funci\u00f3n de las recomendaciones dadas por un plan<\/p>\n<p class=\"p2\">canadiense denominado Movimiento 24 horas: entre 9 y 11 horas de sue\u00f1o, al<\/p>\n<p class=\"p2\">menos una hora diaria de ejercicio y menos de dos horas de ocio con pantallas.<\/p>\n<p class=\"p3\"><span class=\"s1\">Las conclusiones, <\/span>publicadas en The Lancet Child &amp; Adolescent Health,<span class=\"s1\"> son muy<\/span><\/p>\n<p class=\"p2\">claras: cuantas m\u00e1s recomendaciones individuales cumplan ni\u00f1os y ni\u00f1as,<\/p>\n<p class=\"p2\">mejores ser\u00e1n sus capacidades. Pero hay una pauta que destaca sobre las<\/p>\n<p class=\"p2\">dem\u00e1s: el tiempo dedicado a los dispositivos es el que tiene una relaci\u00f3n m\u00e1s<\/p>\n<p class=\"p2\">fuerte con la maduraci\u00f3n intelectual. \u00abDescubrimos que m\u00e1s de dos horas de<\/p>\n<p class=\"p2\">tiempo recreativo con pantallas se asocian con un peor desarrollo cognitivo en los<\/p>\n<p class=\"p2\">ni\u00f1os\u00bb, concluyen los investigadores de la Universidad de Ottawa. Adem\u00e1s, debido<\/p>\n<p class=\"p2\">a este hallazgo, recomiendan que pediatras, padres, educadores y pol\u00edticos<\/p>\n<p class=\"p2\">promuevan una \u00ablimitaci\u00f3n del tiempo de pantalla recreativo y prioricen unas<\/p>\n<p class=\"p2\">rutinas saludables de sue\u00f1o durante la ni\u00f1ez y la adolescencia\u00bb.<\/p>\n<p class=\"p2\"><b><i>Los investigadores recomiendan una limitaci\u00f3n del tiempo de pantalla<\/i><\/b><\/p>\n<p class=\"p2\"><b><i>recreativo y que se prioricen unas rutinas saludables de sue\u00f1o en infancia y<\/i><\/b><\/p>\n<p class=\"p2\"><b><i>adolescencia<\/i><\/b><\/p>\n<p class=\"p2\">Los ni\u00f1os estudiados (controlados por ingresos, educaci\u00f3n de los padres y otras<\/p>\n<p class=\"p2\">variables) completaron una prueba que evaluaba las habilidades del lenguaje, la<\/p>\n<p class=\"p2\">memoria epis\u00f3dica, la funci\u00f3n ejecutiva, la atenci\u00f3n, la memoria de trabajo y la<\/p>\n<p class=\"p2\">velocidad de procesamiento. Y cuantas m\u00e1s recomendaciones cumpl\u00edan, mejor<\/p>\n<p class=\"p2\">era su puntuaci\u00f3n en esta prueba. Pero sobre todo si limitaba su sedentarismo<\/p>\n<p class=\"p2\">tecnol\u00f3gico por debajo de las dos horas marcadas en la pauta. \u00abPara las familias<\/p>\n<p class=\"p2\">es muy importante, porque si quieren optimizar la salud cognitiva de los hijos<\/p>\n<p class=\"p2\">deber\u00edan prestar atenci\u00f3n a estos comportamientos\u00bb, explica a Materia el l\u00edder de<\/p>\n<p class=\"p2\">este estudio, Jeremy Walsh. El investigador recuerda que cuando hablan de<\/p>\n<p class=\"p2\">\u00abtiempo de pantallas\u00bb (screentime, en ingl\u00e9s) se refiere a todo tipo de aparatos<\/p>\n<p class=\"p2\">como m\u00f3viles, tabletas, ordenadores, <span class=\"s2\">videojuegos<\/span> y tambi\u00e9n la televisi\u00f3n. Los<\/p>\n<p class=\"p2\">ni\u00f1os espa\u00f1oles pasan tres horas y media diarias de inactividad frente a una<\/p>\n<p class=\"p2\">pantalla y las ni\u00f1as cuatro horas al d\u00eda, <span class=\"s2\">seg\u00fan el estudio Anibes<\/span>.Otro aspecto muy destacado, sobre todo cuando se combina con el tiempo de ocio<\/p>\n<p class=\"p2\">tecnol\u00f3gico, es la falta de sue\u00f1o entre los menores. Numerosos estudios han<\/p>\n<p class=\"p2\">se\u00f1alado ya que el sue\u00f1o desempe\u00f1a un papel importante en el desarrollo y la<\/p>\n<p class=\"p2\">plasticidad del cerebro y una buena calidad y cantidad de sue\u00f1o se asocia<\/p>\n<p class=\"p2\">positivamente con la cognici\u00f3n y el rendimiento acad\u00e9mico <span class=\"s2\">adolescentes<\/span>. Lo que descubren en este estudio, en el que solo la mitad de los<\/p>\n<p class=\"p3\">en ni\u00f1os y<\/p>\n<p class=\"p2\">menores duerme lo recomendado, es una conexi\u00f3n entre la falta de sue\u00f1o y el uso<\/p>\n<p class=\"p2\">de dispositivos. Seg\u00fan explican los investigadores, el sue\u00f1o \u00abnecesitaba<\/p>\n<p class=\"p2\">combinarse con el cumplimiento de la recomendaci\u00f3n de tiempo de pantallas para<\/p>\n<p class=\"p2\">tener un efecto positivo\u00bb. Este hallazgo plantea la posibilidad de que el uso diario<\/p>\n<p class=\"p2\">de m\u00e1s de dos horas de pantallas recreativas aten\u00fae los beneficios del sue\u00f1o para<\/p>\n<p class=\"p2\">la inteligencia general de los ni\u00f1os.<\/p>\n<p class=\"p2\"><b><i>Los ni\u00f1os espa\u00f1oles pasan tres horas y media diarias de inactividad frente a<\/i><\/b><\/p>\n<p class=\"p2\"><b><i>una pantalla y las ni\u00f1as cuatro, el doble de lo recomendado en este estudio<\/i><\/b><\/p>\n<p class=\"p2\">En Espa\u00f1a, el 44% de los j\u00f3venes de entre 14 y 24 a\u00f1os reconoce que pierden<\/p>\n<p class=\"p2\">horas de sue\u00f1o por estar en redes, seg\u00fan un estudio del Centro Reina Sof\u00eda<\/p>\n<p class=\"p2\">publicado la semana pasada. Otro estudio reciente de cient\u00edficos brit\u00e1nicos mostr\u00f3<\/p>\n<p class=\"p2\">una correlaci\u00f3n notable entre las pantallas y el deterioro del sue\u00f1o: por cada hora<\/p>\n<p class=\"p2\">que los preescolares pasaban con el aparato, <span class=\"s2\">reduc\u00edan 26 minutos su tiempo de<\/span><\/p>\n<p class=\"p2\"><span class=\"s2\">sue\u00f1o nocturno<\/span>. Su autor principal, Tim Smith, de la Universidad de Londres,<\/p>\n<p class=\"p2\">considera que los resultados de este \u00abimpresionante\u00bb estudio complementan sus<\/p>\n<p class=\"p2\">hallazgos de que el uso diario de la pantalla t\u00e1ctil en ni\u00f1os en edad preescolar<\/p>\n<p class=\"p2\">est\u00e1n negativamente asociados con el sue\u00f1o. Adem\u00e1s, asegura Smith,<\/p>\n<p class=\"p2\">\u00abproporcionan la primera confirmaci\u00f3n de que esta asociaci\u00f3n tambi\u00e9n puede tener<\/p>\n<p class=\"p2\">un impacto negativo en el desarrollo cognitivo\u00bb.<\/p>\n<p class=\"p2\">El estudio norteamericano seguir\u00e1 la evoluci\u00f3n de los ni\u00f1os durante diez a\u00f1os,<\/p>\n<p class=\"p2\">pero de momento muestra una foto fija de la asociaci\u00f3n entre estos aparatos y la<\/p>\n<p class=\"p2\">capacidad intelectual de los ni\u00f1os que no permite conocer con seguridad el origen<\/p>\n<p class=\"p2\">de esta correlaci\u00f3n. \u00bfPuede ser que sean los ni\u00f1os menos capaces los que usen<\/p>\n<p class=\"p2\">m\u00e1s los dispositivos y no al rev\u00e9s? \u00abNo podemos establecer causalidad en nuestro<\/p>\n<p class=\"p2\">estudio\u00bb, admite Walsh, \u00abpero lo que s\u00ed puedo decir es que dos tercios de los ni\u00f1os<\/p>\n<p class=\"p2\">estudiados incumple las pautas de ocio con pantallas, por lo que la respuesta<\/p>\n<p class=\"p2\">debe ser m\u00e1s complicada que pensar que los menos capaces tienden a usarlas\u00bb.Los investigadores advierten de una importante laguna en su trabajo que debe<\/p>\n<p class=\"p2\">estudiarse en el futuro, la que se refiere <span class=\"s2\">con esas pantallas<\/span>. \u00abDebemos concentrarnos en investigar la influencia que tiene<\/p>\n<p class=\"p3\">al tipo de actividad que realizan los ni\u00f1os<\/p>\n<p class=\"p2\">este tiempo de ocio en funci\u00f3n del tipo de contenido y el uso que hacen con los<\/p>\n<p class=\"p2\">menores: redes sociales, videojuegos, chatear, tareas educativas&#8230;\u00bb, asegura<\/p>\n<p class=\"p2\">Walsh, porque considera que quiz\u00e1 no todos estos usos influyan de la misma<\/p>\n<p class=\"p2\">forma en la maduraci\u00f3n intelectual. \u00abNo queremos desaconsejar la utilizaci\u00f3n de<\/p>\n<p class=\"p2\">estos aparatos en un entorno educativo, porque no sabemos si puede ser<\/p>\n<p class=\"p2\">beneficioso, pero dado que no conocemos el efecto del contenido esta debe ser el<\/p>\n<p class=\"p2\">\u00e1rea m\u00e1s importante de estudio, porque los ni\u00f1os crecen con las pantallas<\/p>\n<p class=\"p2\">pr\u00e1cticamente desde su nacimiento\u00bb, resume el investigador del Hospital Infantil<\/p>\n<p class=\"p2\">del Este de Ontario.<\/p>\n<p class=\"p2\"><b><i>\u00abEstos hallazgos proporcionan la primera confirmaci\u00f3n de que las pantallas<\/i><\/b><\/p>\n<p class=\"p2\"><b><i>pueden tener un impacto negativo en el desarrollo cognitivo\u00bb, asegura Tim<\/i><\/b><\/p>\n<p class=\"p2\"><b><i>Smith, autor del informe<\/i><\/b><\/p>\n<p class=\"p2\">Smith cree que la principal limitaci\u00f3n del estudio canadiense est\u00e1 en este punto,<\/p>\n<p class=\"p2\">\u00abya que los estudios han demostrado que el contexto y el contenido de las<\/p>\n<p class=\"p2\">pantallas y c\u00f3mo se utilizan de forma masiva cambia el impacto que tienen en un<\/p>\n<p class=\"p2\">ni\u00f1o\u00bb. Adem\u00e1s, se muestra de acuerdo con la recomendaci\u00f3n de limitar este ocio<\/p>\n<p class=\"p2\">tecnol\u00f3gico, pero no con advertencias que exijan l\u00edmites de tiempo que a las<span class=\"s2\">Enrique Echebur\u00faa<\/span>, de la Universidad del Pa\u00eds Vasco,<\/p>\n<p class=\"p2\">familias les resulte dif\u00edcil cumplir. \u00abSe debe aconsejar a las familias que encuentren<\/p>\n<p class=\"p2\">un equilibrio entre las actividades diarias y los tipos de tiempo de pantalla que<\/p>\n<p class=\"p2\">mejor funcionen para ellos\u00bb, afirma.<\/p>\n<p class=\"p2\">A juicio del experto espa\u00f1ol la mayor pega del estudio es que por el momento se centra \u00fanicamente en<\/p>\n<p class=\"p2\">menores entre 8 y 11 a\u00f1os. \u00abNo sabemos si los resultados ser\u00edan los mismos en el<\/p>\n<p class=\"p2\">funcionamiento cognitivo si se utiliza otro grupo de edad importante, por ejemplo<\/p>\n<p class=\"p2\">de 12 a 15 a\u00f1os, cuando los adolescentes cambian de conductas\u00bb, explica. Y<\/p>\n<p class=\"p2\">a\u00f1ade: \u00abEl cerebro de una persona no acaba de madurar fisiol\u00f3gicamente hasta<\/p>\n<p class=\"p2\">los 20-25 a\u00f1os, de ah\u00ed la importancia de no poder sacar conclusiones definitivas<\/p>\n<p class=\"p2\">sobre la influencia de unas variables concretas en el funcionamiento cognitivo<\/p>\n<p class=\"p2\">global si no se tienen en cuenta diferentes grupos de edad, en donde pueden<\/p>\n<p class=\"p2\">mediar adem\u00e1s otras variables\u00bb.<\/p>\n<p class=\"p3\">https:\/\/es.weforum.org\/stories\/2018\/09\/abusar-de-las-pantallas-lastra-la-<\/p>\n<p class=\"p3\">inteligencia-de-los-ninos\/<\/p>\n","protected":false},"excerpt":{"rendered":"<p>Abusar de las pantallas lastra la inteligencia de los ni\u00f1os El efecto del abuso de pantallas entre los m\u00e1s j\u00f3venes es todav\u00eda un campo de investigaci\u00f3n muy nuevo y controvertido. Pero los primeros estudios que se est\u00e1n realizando para analizar&#8230; <\/p>\n","protected":false},"author":1,"featured_media":1723,"comment_status":"open","ping_status":"closed","sticky":false,"template":"","format":"standard","meta":{"footnotes":""},"categories":[24],"tags":[],"class_list":["post-1722","post","type-post","status-publish","format-standard","has-post-thumbnail","hentry","category-management"],"yoast_head":"<!-- This site is optimized with the Yoast SEO plugin v24.8.1 - https:\/\/yoast.com\/wordpress\/plugins\/seo\/ -->\n<title>Abusar de las pantallas lastra la inteligencia de los ni\u00f1os - FORMULA EN LOS NEGOCIOS<\/title>\n<meta name=\"description\" content=\"Lunes 9 de marzo 2026. F\u00f3rmula en los Negocios, La F\u00f3rmula del \u00c9xito. Conversaci\u00f3n con Ren\u00e9 Bernal y Roberto Cruz Lozano\" \/>\n<meta name=\"robots\" content=\"index, follow, max-snippet:-1, max-image-preview:large, max-video-preview:-1\" \/>\n<link rel=\"canonical\" href=\"https:\/\/formulaenlosnegocios.com.mx\/index.php\/2026\/03\/11\/abusar-de-las-pantallas-lastra-la-inteligencia-de-los-ninos\/\" \/>\n<meta property=\"og:locale\" content=\"es_ES\" \/>\n<meta property=\"og:type\" content=\"article\" \/>\n<meta property=\"og:title\" content=\"Abusar de las pantallas lastra la inteligencia de los ni\u00f1os - FORMULA EN LOS NEGOCIOS\" \/>\n<meta property=\"og:description\" content=\"Lunes 9 de marzo 2026. F\u00f3rmula en los Negocios, La F\u00f3rmula del \u00c9xito. Conversaci\u00f3n con Ren\u00e9 Bernal y Roberto Cruz Lozano\" \/>\n<meta property=\"og:url\" content=\"https:\/\/formulaenlosnegocios.com.mx\/index.php\/2026\/03\/11\/abusar-de-las-pantallas-lastra-la-inteligencia-de-los-ninos\/\" \/>\n<meta property=\"og:site_name\" content=\"FORMULA EN LOS NEGOCIOS\" \/>\n<meta property=\"article:published_time\" content=\"2026-03-11T20:41:23+00:00\" \/>\n<meta property=\"og:image\" content=\"https:\/\/formulaenlosnegocios.com.mx\/wp-content\/uploads\/2026\/03\/LUNES-9.png\" \/>\n\t<meta property=\"og:image:width\" content=\"1280\" \/>\n\t<meta property=\"og:image:height\" content=\"720\" \/>\n\t<meta property=\"og:image:type\" content=\"image\/png\" \/>\n<meta name=\"author\" content=\"admin\" \/>\n<meta name=\"twitter:card\" content=\"summary_large_image\" \/>\n<meta name=\"twitter:label1\" content=\"Escrito por\" \/>\n\t<meta name=\"twitter:data1\" content=\"admin\" \/>\n\t<meta name=\"twitter:label2\" content=\"Tiempo de lectura\" \/>\n\t<meta name=\"twitter:data2\" content=\"6 minutos\" \/>\n<script type=\"application\/ld+json\" class=\"yoast-schema-graph\">{\"@context\":\"https:\/\/schema.org\",\"@graph\":[{\"@type\":\"Article\",\"@id\":\"https:\/\/formulaenlosnegocios.com.mx\/index.php\/2026\/03\/11\/abusar-de-las-pantallas-lastra-la-inteligencia-de-los-ninos\/#article\",\"isPartOf\":{\"@id\":\"https:\/\/formulaenlosnegocios.com.mx\/index.php\/2026\/03\/11\/abusar-de-las-pantallas-lastra-la-inteligencia-de-los-ninos\/\"},\"author\":{\"name\":\"admin\",\"@id\":\"https:\/\/formulaenlosnegocios.com.mx\/#\/schema\/person\/40e5e3a1b959289164d9a67d77d82bf6\"},\"headline\":\"Abusar de las pantallas lastra la inteligencia de los ni\u00f1os\",\"datePublished\":\"2026-03-11T20:41:23+00:00\",\"mainEntityOfPage\":{\"@id\":\"https:\/\/formulaenlosnegocios.com.mx\/index.php\/2026\/03\/11\/abusar-de-las-pantallas-lastra-la-inteligencia-de-los-ninos\/\"},\"wordCount\":1377,\"commentCount\":0,\"publisher\":{\"@id\":\"https:\/\/formulaenlosnegocios.com.mx\/#organization\"},\"image\":{\"@id\":\"https:\/\/formulaenlosnegocios.com.mx\/index.php\/2026\/03\/11\/abusar-de-las-pantallas-lastra-la-inteligencia-de-los-ninos\/#primaryimage\"},\"thumbnailUrl\":\"https:\/\/formulaenlosnegocios.com.mx\/wp-content\/uploads\/2026\/03\/LUNES-9.png\",\"articleSection\":[\"Management\"],\"inLanguage\":\"es\",\"potentialAction\":[{\"@type\":\"CommentAction\",\"name\":\"Comment\",\"target\":[\"https:\/\/formulaenlosnegocios.com.mx\/index.php\/2026\/03\/11\/abusar-de-las-pantallas-lastra-la-inteligencia-de-los-ninos\/#respond\"]}]},{\"@type\":\"WebPage\",\"@id\":\"https:\/\/formulaenlosnegocios.com.mx\/index.php\/2026\/03\/11\/abusar-de-las-pantallas-lastra-la-inteligencia-de-los-ninos\/\",\"url\":\"https:\/\/formulaenlosnegocios.com.mx\/index.php\/2026\/03\/11\/abusar-de-las-pantallas-lastra-la-inteligencia-de-los-ninos\/\",\"name\":\"Abusar de las pantallas lastra la inteligencia de los ni\u00f1os - FORMULA EN LOS NEGOCIOS\",\"isPartOf\":{\"@id\":\"https:\/\/formulaenlosnegocios.com.mx\/#website\"},\"primaryImageOfPage\":{\"@id\":\"https:\/\/formulaenlosnegocios.com.mx\/index.php\/2026\/03\/11\/abusar-de-las-pantallas-lastra-la-inteligencia-de-los-ninos\/#primaryimage\"},\"image\":{\"@id\":\"https:\/\/formulaenlosnegocios.com.mx\/index.php\/2026\/03\/11\/abusar-de-las-pantallas-lastra-la-inteligencia-de-los-ninos\/#primaryimage\"},\"thumbnailUrl\":\"https:\/\/formulaenlosnegocios.com.mx\/wp-content\/uploads\/2026\/03\/LUNES-9.png\",\"datePublished\":\"2026-03-11T20:41:23+00:00\",\"description\":\"Lunes 9 de marzo 2026. F\u00f3rmula en los Negocios, La F\u00f3rmula del \u00c9xito. Conversaci\u00f3n con Ren\u00e9 Bernal y Roberto Cruz Lozano\",\"breadcrumb\":{\"@id\":\"https:\/\/formulaenlosnegocios.com.mx\/index.php\/2026\/03\/11\/abusar-de-las-pantallas-lastra-la-inteligencia-de-los-ninos\/#breadcrumb\"},\"inLanguage\":\"es\",\"potentialAction\":[{\"@type\":\"ReadAction\",\"target\":[\"https:\/\/formulaenlosnegocios.com.mx\/index.php\/2026\/03\/11\/abusar-de-las-pantallas-lastra-la-inteligencia-de-los-ninos\/\"]}]},{\"@type\":\"ImageObject\",\"inLanguage\":\"es\",\"@id\":\"https:\/\/formulaenlosnegocios.com.mx\/index.php\/2026\/03\/11\/abusar-de-las-pantallas-lastra-la-inteligencia-de-los-ninos\/#primaryimage\",\"url\":\"https:\/\/formulaenlosnegocios.com.mx\/wp-content\/uploads\/2026\/03\/LUNES-9.png\",\"contentUrl\":\"https:\/\/formulaenlosnegocios.com.mx\/wp-content\/uploads\/2026\/03\/LUNES-9.png\",\"width\":1280,\"height\":720},{\"@type\":\"BreadcrumbList\",\"@id\":\"https:\/\/formulaenlosnegocios.com.mx\/index.php\/2026\/03\/11\/abusar-de-las-pantallas-lastra-la-inteligencia-de-los-ninos\/#breadcrumb\",\"itemListElement\":[{\"@type\":\"ListItem\",\"position\":1,\"name\":\"Portada\",\"item\":\"https:\/\/formulaenlosnegocios.com.mx\/\"},{\"@type\":\"ListItem\",\"position\":2,\"name\":\"Abusar de las pantallas lastra la inteligencia de los ni\u00f1os\"}]},{\"@type\":\"WebSite\",\"@id\":\"https:\/\/formulaenlosnegocios.com.mx\/#website\",\"url\":\"https:\/\/formulaenlosnegocios.com.mx\/\",\"name\":\"FORMULA EN LOS NEGOCIOS\",\"description\":\"La F\u00f3rmula del \u00c9xito.  El mejor contenido empesarial\",\"publisher\":{\"@id\":\"https:\/\/formulaenlosnegocios.com.mx\/#organization\"},\"potentialAction\":[{\"@type\":\"SearchAction\",\"target\":{\"@type\":\"EntryPoint\",\"urlTemplate\":\"https:\/\/formulaenlosnegocios.com.mx\/?s={search_term_string}\"},\"query-input\":{\"@type\":\"PropertyValueSpecification\",\"valueRequired\":true,\"valueName\":\"search_term_string\"}}],\"inLanguage\":\"es\"},{\"@type\":\"Organization\",\"@id\":\"https:\/\/formulaenlosnegocios.com.mx\/#organization\",\"name\":\"FORMULA EN LOS NEGOCIOS\",\"url\":\"https:\/\/formulaenlosnegocios.com.mx\/\",\"logo\":{\"@type\":\"ImageObject\",\"inLanguage\":\"es\",\"@id\":\"https:\/\/formulaenlosnegocios.com.mx\/#\/schema\/logo\/image\/\",\"url\":\"https:\/\/formulaenlosnegocios.com.mx\/wp-content\/uploads\/2025\/04\/cropped-logo-fen-2.jpg\",\"contentUrl\":\"https:\/\/formulaenlosnegocios.com.mx\/wp-content\/uploads\/2025\/04\/cropped-logo-fen-2.jpg\",\"width\":512,\"height\":280,\"caption\":\"FORMULA EN LOS NEGOCIOS\"},\"image\":{\"@id\":\"https:\/\/formulaenlosnegocios.com.mx\/#\/schema\/logo\/image\/\"}},{\"@type\":\"Person\",\"@id\":\"https:\/\/formulaenlosnegocios.com.mx\/#\/schema\/person\/40e5e3a1b959289164d9a67d77d82bf6\",\"name\":\"admin\",\"image\":{\"@type\":\"ImageObject\",\"inLanguage\":\"es\",\"@id\":\"https:\/\/formulaenlosnegocios.com.mx\/#\/schema\/person\/image\/\",\"url\":\"https:\/\/secure.gravatar.com\/avatar\/1f9b3ac5cdb8ccf60c394ddadc6a8a1e?s=96&d=mm&r=g\",\"contentUrl\":\"https:\/\/secure.gravatar.com\/avatar\/1f9b3ac5cdb8ccf60c394ddadc6a8a1e?s=96&d=mm&r=g\",\"caption\":\"admin\"},\"sameAs\":[\"https:\/\/formulaenlosnegocios.com.mx\"],\"url\":\"https:\/\/formulaenlosnegocios.com.mx\/index.php\/author\/admin_jfwxjszx\/\"}]}<\/script>\n<!-- \/ Yoast SEO plugin. -->","yoast_head_json":{"title":"Abusar de las pantallas lastra la inteligencia de los ni\u00f1os - FORMULA EN LOS NEGOCIOS","description":"Lunes 9 de marzo 2026. F\u00f3rmula en los Negocios, La F\u00f3rmula del \u00c9xito. Conversaci\u00f3n con Ren\u00e9 Bernal y Roberto Cruz Lozano","robots":{"index":"index","follow":"follow","max-snippet":"max-snippet:-1","max-image-preview":"max-image-preview:large","max-video-preview":"max-video-preview:-1"},"canonical":"https:\/\/formulaenlosnegocios.com.mx\/index.php\/2026\/03\/11\/abusar-de-las-pantallas-lastra-la-inteligencia-de-los-ninos\/","og_locale":"es_ES","og_type":"article","og_title":"Abusar de las pantallas lastra la inteligencia de los ni\u00f1os - FORMULA EN LOS NEGOCIOS","og_description":"Lunes 9 de marzo 2026. F\u00f3rmula en los Negocios, La F\u00f3rmula del \u00c9xito. Conversaci\u00f3n con Ren\u00e9 Bernal y Roberto Cruz Lozano","og_url":"https:\/\/formulaenlosnegocios.com.mx\/index.php\/2026\/03\/11\/abusar-de-las-pantallas-lastra-la-inteligencia-de-los-ninos\/","og_site_name":"FORMULA EN LOS NEGOCIOS","article_published_time":"2026-03-11T20:41:23+00:00","og_image":[{"width":1280,"height":720,"url":"https:\/\/formulaenlosnegocios.com.mx\/wp-content\/uploads\/2026\/03\/LUNES-9.png","type":"image\/png"}],"author":"admin","twitter_card":"summary_large_image","twitter_misc":{"Escrito por":"admin","Tiempo de lectura":"6 minutos"},"schema":{"@context":"https:\/\/schema.org","@graph":[{"@type":"Article","@id":"https:\/\/formulaenlosnegocios.com.mx\/index.php\/2026\/03\/11\/abusar-de-las-pantallas-lastra-la-inteligencia-de-los-ninos\/#article","isPartOf":{"@id":"https:\/\/formulaenlosnegocios.com.mx\/index.php\/2026\/03\/11\/abusar-de-las-pantallas-lastra-la-inteligencia-de-los-ninos\/"},"author":{"name":"admin","@id":"https:\/\/formulaenlosnegocios.com.mx\/#\/schema\/person\/40e5e3a1b959289164d9a67d77d82bf6"},"headline":"Abusar de las pantallas lastra la inteligencia de los ni\u00f1os","datePublished":"2026-03-11T20:41:23+00:00","mainEntityOfPage":{"@id":"https:\/\/formulaenlosnegocios.com.mx\/index.php\/2026\/03\/11\/abusar-de-las-pantallas-lastra-la-inteligencia-de-los-ninos\/"},"wordCount":1377,"commentCount":0,"publisher":{"@id":"https:\/\/formulaenlosnegocios.com.mx\/#organization"},"image":{"@id":"https:\/\/formulaenlosnegocios.com.mx\/index.php\/2026\/03\/11\/abusar-de-las-pantallas-lastra-la-inteligencia-de-los-ninos\/#primaryimage"},"thumbnailUrl":"https:\/\/formulaenlosnegocios.com.mx\/wp-content\/uploads\/2026\/03\/LUNES-9.png","articleSection":["Management"],"inLanguage":"es","potentialAction":[{"@type":"CommentAction","name":"Comment","target":["https:\/\/formulaenlosnegocios.com.mx\/index.php\/2026\/03\/11\/abusar-de-las-pantallas-lastra-la-inteligencia-de-los-ninos\/#respond"]}]},{"@type":"WebPage","@id":"https:\/\/formulaenlosnegocios.com.mx\/index.php\/2026\/03\/11\/abusar-de-las-pantallas-lastra-la-inteligencia-de-los-ninos\/","url":"https:\/\/formulaenlosnegocios.com.mx\/index.php\/2026\/03\/11\/abusar-de-las-pantallas-lastra-la-inteligencia-de-los-ninos\/","name":"Abusar de las pantallas lastra la inteligencia de los ni\u00f1os - FORMULA EN LOS NEGOCIOS","isPartOf":{"@id":"https:\/\/formulaenlosnegocios.com.mx\/#website"},"primaryImageOfPage":{"@id":"https:\/\/formulaenlosnegocios.com.mx\/index.php\/2026\/03\/11\/abusar-de-las-pantallas-lastra-la-inteligencia-de-los-ninos\/#primaryimage"},"image":{"@id":"https:\/\/formulaenlosnegocios.com.mx\/index.php\/2026\/03\/11\/abusar-de-las-pantallas-lastra-la-inteligencia-de-los-ninos\/#primaryimage"},"thumbnailUrl":"https:\/\/formulaenlosnegocios.com.mx\/wp-content\/uploads\/2026\/03\/LUNES-9.png","datePublished":"2026-03-11T20:41:23+00:00","description":"Lunes 9 de marzo 2026. F\u00f3rmula en los Negocios, La F\u00f3rmula del \u00c9xito. Conversaci\u00f3n con Ren\u00e9 Bernal y Roberto Cruz Lozano","breadcrumb":{"@id":"https:\/\/formulaenlosnegocios.com.mx\/index.php\/2026\/03\/11\/abusar-de-las-pantallas-lastra-la-inteligencia-de-los-ninos\/#breadcrumb"},"inLanguage":"es","potentialAction":[{"@type":"ReadAction","target":["https:\/\/formulaenlosnegocios.com.mx\/index.php\/2026\/03\/11\/abusar-de-las-pantallas-lastra-la-inteligencia-de-los-ninos\/"]}]},{"@type":"ImageObject","inLanguage":"es","@id":"https:\/\/formulaenlosnegocios.com.mx\/index.php\/2026\/03\/11\/abusar-de-las-pantallas-lastra-la-inteligencia-de-los-ninos\/#primaryimage","url":"https:\/\/formulaenlosnegocios.com.mx\/wp-content\/uploads\/2026\/03\/LUNES-9.png","contentUrl":"https:\/\/formulaenlosnegocios.com.mx\/wp-content\/uploads\/2026\/03\/LUNES-9.png","width":1280,"height":720},{"@type":"BreadcrumbList","@id":"https:\/\/formulaenlosnegocios.com.mx\/index.php\/2026\/03\/11\/abusar-de-las-pantallas-lastra-la-inteligencia-de-los-ninos\/#breadcrumb","itemListElement":[{"@type":"ListItem","position":1,"name":"Portada","item":"https:\/\/formulaenlosnegocios.com.mx\/"},{"@type":"ListItem","position":2,"name":"Abusar de las pantallas lastra la inteligencia de los ni\u00f1os"}]},{"@type":"WebSite","@id":"https:\/\/formulaenlosnegocios.com.mx\/#website","url":"https:\/\/formulaenlosnegocios.com.mx\/","name":"FORMULA EN LOS NEGOCIOS","description":"La F\u00f3rmula del \u00c9xito.  El mejor contenido empesarial","publisher":{"@id":"https:\/\/formulaenlosnegocios.com.mx\/#organization"},"potentialAction":[{"@type":"SearchAction","target":{"@type":"EntryPoint","urlTemplate":"https:\/\/formulaenlosnegocios.com.mx\/?s={search_term_string}"},"query-input":{"@type":"PropertyValueSpecification","valueRequired":true,"valueName":"search_term_string"}}],"inLanguage":"es"},{"@type":"Organization","@id":"https:\/\/formulaenlosnegocios.com.mx\/#organization","name":"FORMULA EN LOS NEGOCIOS","url":"https:\/\/formulaenlosnegocios.com.mx\/","logo":{"@type":"ImageObject","inLanguage":"es","@id":"https:\/\/formulaenlosnegocios.com.mx\/#\/schema\/logo\/image\/","url":"https:\/\/formulaenlosnegocios.com.mx\/wp-content\/uploads\/2025\/04\/cropped-logo-fen-2.jpg","contentUrl":"https:\/\/formulaenlosnegocios.com.mx\/wp-content\/uploads\/2025\/04\/cropped-logo-fen-2.jpg","width":512,"height":280,"caption":"FORMULA EN LOS NEGOCIOS"},"image":{"@id":"https:\/\/formulaenlosnegocios.com.mx\/#\/schema\/logo\/image\/"}},{"@type":"Person","@id":"https:\/\/formulaenlosnegocios.com.mx\/#\/schema\/person\/40e5e3a1b959289164d9a67d77d82bf6","name":"admin","image":{"@type":"ImageObject","inLanguage":"es","@id":"https:\/\/formulaenlosnegocios.com.mx\/#\/schema\/person\/image\/","url":"https:\/\/secure.gravatar.com\/avatar\/1f9b3ac5cdb8ccf60c394ddadc6a8a1e?s=96&d=mm&r=g","contentUrl":"https:\/\/secure.gravatar.com\/avatar\/1f9b3ac5cdb8ccf60c394ddadc6a8a1e?s=96&d=mm&r=g","caption":"admin"},"sameAs":["https:\/\/formulaenlosnegocios.com.mx"],"url":"https:\/\/formulaenlosnegocios.com.mx\/index.php\/author\/admin_jfwxjszx\/"}]}},"jetpack_featured_media_url":"https:\/\/formulaenlosnegocios.com.mx\/wp-content\/uploads\/2026\/03\/LUNES-9.png","_links":{"self":[{"href":"https:\/\/formulaenlosnegocios.com.mx\/index.php\/wp-json\/wp\/v2\/posts\/1722","targetHints":{"allow":["GET"]}}],"collection":[{"href":"https:\/\/formulaenlosnegocios.com.mx\/index.php\/wp-json\/wp\/v2\/posts"}],"about":[{"href":"https:\/\/formulaenlosnegocios.com.mx\/index.php\/wp-json\/wp\/v2\/types\/post"}],"author":[{"embeddable":true,"href":"https:\/\/formulaenlosnegocios.com.mx\/index.php\/wp-json\/wp\/v2\/users\/1"}],"replies":[{"embeddable":true,"href":"https:\/\/formulaenlosnegocios.com.mx\/index.php\/wp-json\/wp\/v2\/comments?post=1722"}],"version-history":[{"count":1,"href":"https:\/\/formulaenlosnegocios.com.mx\/index.php\/wp-json\/wp\/v2\/posts\/1722\/revisions"}],"predecessor-version":[{"id":1724,"href":"https:\/\/formulaenlosnegocios.com.mx\/index.php\/wp-json\/wp\/v2\/posts\/1722\/revisions\/1724"}],"wp:featuredmedia":[{"embeddable":true,"href":"https:\/\/formulaenlosnegocios.com.mx\/index.php\/wp-json\/wp\/v2\/media\/1723"}],"wp:attachment":[{"href":"https:\/\/formulaenlosnegocios.com.mx\/index.php\/wp-json\/wp\/v2\/media?parent=1722"}],"wp:term":[{"taxonomy":"category","embeddable":true,"href":"https:\/\/formulaenlosnegocios.com.mx\/index.php\/wp-json\/wp\/v2\/categories?post=1722"},{"taxonomy":"post_tag","embeddable":true,"href":"https:\/\/formulaenlosnegocios.com.mx\/index.php\/wp-json\/wp\/v2\/tags?post=1722"}],"curies":[{"name":"wp","href":"https:\/\/api.w.org\/{rel}","templated":true}]}}