{"id":1728,"date":"2026-03-20T04:14:03","date_gmt":"2026-03-20T10:14:03","guid":{"rendered":"https:\/\/formulaenlosnegocios.com.mx\/?p=1728"},"modified":"2026-03-20T04:14:03","modified_gmt":"2026-03-20T10:14:03","slug":"nuestra-obsesion-por-la-innovacion-tecnologica-esta-provocando-un-deficit-de-humanidad","status":"publish","type":"post","link":"https:\/\/formulaenlosnegocios.com.mx\/index.php\/2026\/03\/20\/nuestra-obsesion-por-la-innovacion-tecnologica-esta-provocando-un-deficit-de-humanidad\/","title":{"rendered":"\u00bfNuestra obsesi\u00f3n por la innovaci\u00f3n tecnol\u00f3gica est\u00e1 provocando un d\u00e9ficit de humanidad?"},"content":{"rendered":"<p class=\"p1\"><b>\u00bfNuestra obsesi\u00f3n por la innovaci\u00f3n tecnol\u00f3gica<\/b><\/p>\n<p class=\"p1\"><b>est\u00e1 provocando un d\u00e9ficit de humanidad?<\/b><\/p>\n<p class=\"p2\"><span class=\"s1\">\u2022<\/span> Los avances tecnol\u00f3gicos, especialmente desde la llegada de la inteligencia<\/p>\n<p class=\"p2\">artificial, han sido impulsados por muchos intereses en los \u00faltimos a\u00f1os,<\/p>\n<p class=\"p2\">pero entre ellos no se encuentra el ser humano<\/p>\n<p class=\"p2\"><span class=\"s1\">\u2022<\/span> La sociedad est\u00e1 experimentando un \u00abd\u00e9ficit de humanidad\u00bb: una brecha<\/p>\n<p class=\"p2\">cada vez mayor entre dar prioridad a la innovaci\u00f3n y olvidarse de lo que<\/p>\n<p class=\"p2\">significa ser humano<\/p>\n<p class=\"p2\"><span class=\"s1\">\u2022<\/span> A menos que reconozcamos colectivamente los riesgos que una tecnolog\u00eda<\/p>\n<p class=\"p2\">sin control supone para la humanidad y la evoluci\u00f3n humana, corremos el<\/p>\n<p class=\"p2\">riesgo de no poder revertir su curso<\/p>\n<p class=\"p2\">En los \u00faltimos diez a\u00f1os, nos hemos centrado en la carrera tecnol\u00f3gica,<\/p>\n<p class=\"p2\">compitiendo obsesivamente por el dominio de la inteligencia artificial, sin<\/p>\n<p class=\"p2\">preguntarnos: \u00bfa qui\u00e9n sirve realmente la tecnolog\u00eda y a qu\u00e9 costo para la<\/p>\n<p class=\"p2\">humanidad y la evoluci\u00f3n de nuestra sociedad futura?<\/p>\n<p class=\"p2\">En este momento, el progreso tecnol\u00f3gico est\u00e1 impulsado por muchos intereses,<\/p>\n<p class=\"p2\">pero entre ellos no se encuentra el ser humano.<\/p>\n<p class=\"p2\">Durante demasiado tiempo, hemos alabado el avance tecnol\u00f3gico argumentando<\/p>\n<p class=\"p2\">que incrementa la productividad humana, aumenta la conectividad y mejora la<\/p>\n<p class=\"p2\">calidad de vida. Sin embargo, en muchos aspectos, ha ocurrido lo contrario.<\/p>\n<p class=\"p2\">Hoy en d\u00eda, nos enfrentamos a una grave crisis de salud mental, <span class=\"s3\">mundial de soledad<\/span>, m\u00e1s polarizaci\u00f3n tanto en l\u00ednea como fuera de l\u00ednea y<\/p>\n<p class=\"p2\">una de la productividad humana a nivel global.<\/p>\n<p class=\"p2\">De hecho, las investigaciones muestran que los niveles de productividad humana<\/p>\n<p class=\"p2\">han ido disminuyendo desde finales de la d\u00e9cada de 1990 y principios de la de<\/p>\n<p class=\"p2\">2000. del crecimiento mundial se ha<\/p>\n<p class=\"p2\">producido desde la crisis financiera mundial de 2008.<\/p>\n<p class=\"p2\">Quiz\u00e1 no sea una coincidencia que este descenso haya comenzado con el auge<\/p>\n<p class=\"p2\">de las puntocom y se haya acentuado a medida que hemos ido adoptando la<\/p>\n<p class=\"p2\">tecnolog\u00eda en nuestra vida cotidiana para resolver los problemas que la tecnolog\u00eda<\/p>\n<p class=\"p2\">misma hab\u00eda creado.<\/p>\n<p class=\"p2\">Por eso considero que la sociedad est\u00e1 experimentando un \u00abd\u00e9ficit de<\/p>\n<p class=\"p2\">humanidad\u00bb: una brecha cada vez mayor entre dar prioridad a la innovaci\u00f3n<\/p>\n<p class=\"p2\">tecnol\u00f3gica y olvidarse de lo que significa ser humano. La manipulaci\u00f3n de los<\/p>\n<p class=\"p2\">algoritmos, los dise\u00f1os adictivos y los modelos de negocio basados en la<\/p>\n<p class=\"p2\">econom\u00eda de la atenci\u00f3n no est\u00e1n potenciando el potencial humano, sino<\/p>\n<p class=\"p2\">agot\u00e1ndolo.<\/p>\n<p class=\"p3\">una epidemia<\/p>\n<p class=\"p3\">disminuci\u00f3n M\u00e1s de la mitad de la desaceleraci\u00f3n <span class=\"s5\"><b>La tecnolog\u00eda est\u00e1 cambiando las interacciones<\/b><\/span><\/p>\n<p class=\"p1\"><b>humanas<\/b><\/p>\n<p class=\"p2\">Desde la inteligencia artificial generativa, las redes sociales y las citas online hasta<\/p>\n<p class=\"p2\">el aprendizaje remoto, los videojuegos y el teletrabajo, el ritmo y la magnitud de<\/p>\n<p class=\"p2\">los avances tecnol\u00f3gicos est\u00e1n cambiando la forma en que las personas<\/p>\n<p class=\"p2\">interact\u00faan. Lo m\u00e1s preocupante es que nuestros hijos, la primera generaci\u00f3n que<\/p>\n<p class=\"p2\">crece en un mundo totalmente mediado por pantallas, est\u00e1n pagando el costo m\u00e1s<\/p>\n<p class=\"p2\">alto.<\/p>\n<p class=\"p3\">los<\/p>\n<p class=\"p2\"><span class=\"s3\">ni\u00f1os de hoy pasan m\u00e1s tiempo conectados a Internet<\/span> Ya estamos viendo las consecuencias. Los estudios han demostrado que que interactuando<\/p>\n<p class=\"p2\">presencialmente con sus familias, amigos y compa\u00f1eros.<\/p>\n<p class=\"p2\">Todo esto est\u00e1 contribuyendo a la p\u00e9rdida de habilidades esenciales para la vida,<\/p>\n<p class=\"p2\">como la inteligencia emocional, la resiliencia y la capacidad de cultivar y<\/p>\n<p class=\"p2\">comprometerse con las relaciones personales y, lo que es m\u00e1s importante, la<\/p>\n<p class=\"p2\">capacidad de acci\u00f3n humana.<\/p>\n<p class=\"p2\">Este cambio \u2013 que denominamos \u00abcambio humano\u00bb \u2013 marca un profundo punto de<\/p>\n<p class=\"p2\">inflexi\u00f3n en nuestra evoluci\u00f3n como individuos y como sociedad.<\/p>\n<p class=\"p2\">La tecnolog\u00eda que promet\u00eda ofrecernos a nosotros y a nuestros hijos un futuro m\u00e1s<\/p>\n<p class=\"p2\">brillante est\u00e1 causando que todos estemos m\u00e1s desconectados, m\u00e1s solos y con<\/p>\n<p class=\"p2\">dificultades para prosperar en el mundo real. Esta sobrecarga digital est\u00e1<\/p>\n<p class=\"p2\">agotando nuestros recursos emocionales y cognitivos y disminuyendo nuestro<\/p>\n<p class=\"p2\">potencial.<\/p>\n<p class=\"p1\"><b>Una campa\u00f1a que destaca el impacto de los<\/b><\/p>\n<p class=\"p1\"><b>dispositivos digitales en los ni\u00f1os<\/b><\/p>\n<p class=\"p2\">Por eso he lanzado acad\u00e9micos, cient\u00edficos, especialistas en \u00e9tica tecnol\u00f3gica, psic\u00f3logos, padres y<\/p>\n<p class=\"p2\">educadores con el objetivo de combatir la epidemia de soledad y adicci\u00f3n a las<\/p>\n<p class=\"p2\">pantallas para garantizar una infancia positiva y salvaguardar el futuro de nuestra<\/p>\n<p class=\"p2\">sociedad.<\/p>\n<p class=\"p2\"><span class=\"s3\">Human Change<\/span>, una campa\u00f1a global que re\u00fane a<\/p>\n<p class=\"p2\"><span class=\"s3\">Presentada<\/span> en la Reuni\u00f3n Anual del Foro Econ\u00f3mico Mundial de 2024 en Davos,<\/p>\n<p class=\"p2\">Human Change re\u00fane a expertos comprometidos con la sensibilizaci\u00f3n sobre el<\/p>\n<p class=\"p2\">impacto de los dispositivos digitales en el desarrollo cognitivo de los ni\u00f1os.<\/p>\n<p class=\"p2\">Promocionamos y conectamos a los agentes del cambio y pioneros que<\/p>\n<p class=\"p2\">investigan, estudian e impulsan cambios positivos en sus campos. Apoyamos su<span class=\"s3\">Technology<\/span>, Tristan Harris, hasta el psic\u00f3logo social Jon Haidt, autor de <span class=\"s3\"><i>Anxious Generation<\/i><\/span>, nuestro hub se convirti\u00f3 en el lugar donde plantear preguntas<\/p>\n<p class=\"p2\"><span class=\"s3\">Ley de Seguridad en L\u00ednea<\/span> trabajo, amplificamos sus voces y los acercamos a los l\u00edderes mundiales, desde<\/p>\n<p class=\"p2\">gobiernos hasta empresas.<\/p>\n<p class=\"p2\">Este a\u00f1o, volvimos al famoso <span class=\"s3\">Promenade de Davos<\/span> Desde el especialista en \u00e9tica tecnol\u00f3gica y cofundador del con un impacto a\u00fan mayor.<\/p>\n<p class=\"p3\">Center for Humane<\/p>\n<p class=\"p3\"><i>The<\/i><\/p>\n<p class=\"p2\">fundamentales: \u00bfEn qu\u00e9 medida la tecnolog\u00eda est\u00e1 cambiando lo que significa ser<\/p>\n<p class=\"p2\">humano y qu\u00e9 implica eso para el futuro de nuestros hijos?<\/p>\n<p class=\"p2\">Al igual que muchos movimientos globales, hacemos un llamamiento a los l\u00edderes<\/p>\n<p class=\"p2\">de gobierno, tecn\u00f3logos, responsables pol\u00edticos, padres y j\u00f3venes para que<\/p>\n<p class=\"p2\">reflexionen y se pregunten: \u00bfhacia d\u00f3nde queremos ir?<\/p>\n<p class=\"p2\">Muchos padres y educadores ya est\u00e1n tomando medidas: retrasar la compra de<\/p>\n<p class=\"p2\">tel\u00e9fonos inteligentes para sus hijos, limitar el tiempo de uso de pantallas y redes<\/p>\n<p class=\"p2\">sociales, y prohibir los m\u00f3viles en las escuelas. Pero retrasar la compra de los<\/p>\n<p class=\"p2\">dispositivos no es la soluci\u00f3n. Tambi\u00e9n debemos fomentar la resiliencia, el<\/p>\n<p class=\"p2\">pensamiento cr\u00edtico y la inteligencia emocional en nuestros hijos para ayudarles a<\/p>\n<p class=\"p2\">prosperar en un futuro m\u00e1s digital.<\/p>\n<p class=\"p2\">Normativas como la del Reino Unido o la <span class=\"s3\">Ley de<\/span><\/p>\n<p class=\"p2\"><span class=\"s3\">Servicios Digitales<\/span> de la UE tambi\u00e9n son un buen punto de partida. Pero hasta que<\/p>\n<p class=\"p2\">los gobiernos impongan a las empresas tecnol\u00f3gicas la obligaci\u00f3n de actuar con<\/p>\n<p class=\"p2\">diligencia, estas seguir\u00e1n apostando por la innovaci\u00f3n sin tener en cuenta su<\/p>\n<p class=\"p2\">impacto en los ni\u00f1os.<\/p>\n<p class=\"p2\">Las empresas tecnol\u00f3gicas deben cambiar radicalmente sus modelos de negocio<\/p>\n<p class=\"p2\">para dar prioridad a la seguridad y el bienestar de los ni\u00f1os en sus dise\u00f1os. Un<\/p>\n<p class=\"p2\">enfoque realmente centrado en el usuario a la hora de desarrollar productos puede<\/p>\n<p class=\"p2\">contribuir en gran medida a cambiar la forma en que las personas interact\u00faan con<\/p>\n<p class=\"p2\">la tecnolog\u00eda. Las empresas deben demostrar que sus aplicaciones y dispositivos<\/p>\n<p class=\"p2\">no son adictivos y no comprometen el desarrollo de habilidades para la vida de los<\/p>\n<p class=\"p2\">ni\u00f1os.<\/p>\n<p class=\"p2\">Pero, ante todo, debemos comprender c\u00f3mo una infancia excesivamente<\/p>\n<p class=\"p2\">digitalizada est\u00e1 socavando la capacidad de la pr\u00f3xima generaci\u00f3n para mantener<\/p>\n<p class=\"p2\">las estructuras c\u00edvicas democr\u00e1ticas del futuro. Sin reconocer el da\u00f1o que estos<\/p>\n<p class=\"p2\">dispositivos est\u00e1n causando a nuestros hijos, ser\u00e1 casi imposible revertir esta<\/p>\n<p class=\"p2\">trayectoria.<\/p>\n<p class=\"p1\"><b>La tecnolog\u00eda debe estar al servicio de la<\/b><\/p>\n<p class=\"p2\"><span class=\"s6\"><b>humanidad, y no al rev\u00e9s<\/b><\/span><span class=\"s3\">Life Calling<\/span>, de John Mack, que nos recuerdan a todos lo que significa ser<\/p>\n<p class=\"p2\">Las empresas tecnol\u00f3gicas que est\u00e9n dispuestas a aceptar los cambios se<\/p>\n<p class=\"p2\">beneficiar\u00e1n a largo plazo, mientras que aquellas que no lo hagan se arriesgar\u00e1n a<\/p>\n<p class=\"p2\">sufrir demandas judiciales y da\u00f1os a su reputaci\u00f3n por el mal que hayan causado.<\/p>\n<p class=\"p2\">Estas empresas deben garantizar que la tecnolog\u00eda est\u00e9 al servicio de la<\/p>\n<p class=\"p2\">humanidad, y no al rev\u00e9s.<\/p>\n<p class=\"p2\">Y lo que es m\u00e1s importante, necesitamos volver a los valores humanistas y a la<\/p>\n<p class=\"p2\">familia como principal estructura social de nuestras sociedades. Hay iniciativas<\/p>\n<p class=\"p2\">como humano y c\u00f3mo redefinirnos en la era digital.<\/p>\n<p class=\"p2\">Del mismo modo, la <span class=\"s3\">Royal Society of Arts<\/span> crea espacios para que los ni\u00f1os<\/p>\n<p class=\"p2\">vuelvan a conectar con la naturaleza y la comunidad, contribuyendo a reconstruir<\/p>\n<p class=\"p2\">un sentido de identidad con resiliencia. Ya sea pasando tiempo en la naturaleza,<\/p>\n<p class=\"p2\">jugando con imaginaci\u00f3n o fomentando y cultivando relaciones personales con<\/p>\n<p class=\"p2\">nuestras familias y comunidades sociales, solo podemos preservar la humanidad<\/p>\n<p class=\"p2\">si la ponemos en primer lugar.<\/p>\n<p class=\"p2\">Al fin y al cabo, si no reconocemos colectivamente los riesgos que una tecnolog\u00eda<\/p>\n<p class=\"p2\">sin control supone para la evoluci\u00f3n humana, no podremos revertir su curso. El<\/p>\n<p class=\"p2\">cambio humano ya se est\u00e1 produciendo, pero solo juntos podremos preservar la<\/p>\n<p class=\"p2\">humanidad.<\/p>\n<p class=\"p2\">Si no lo hacemos por nosotros mismos, hag\u00e1moslo por nuestros hijos. Ellos son<\/p>\n<p class=\"p2\">nuestro futuro.<\/p>\n<p class=\"p2\"><b>https:\/\/es.weforum.org\/stories\/2025\/09\/nuestra-obsesion-por-la-innovacion-<\/b><\/p>\n<p class=\"p2\"><b>esta-provocando-un-deficit-de-humanidad\/<\/b><\/p>\n","protected":false},"excerpt":{"rendered":"<p>\u00bfNuestra obsesi\u00f3n por la innovaci\u00f3n tecnol\u00f3gica est\u00e1 provocando un d\u00e9ficit de humanidad? \u2022 Los avances tecnol\u00f3gicos, especialmente desde la llegada de la inteligencia artificial, han sido impulsados por muchos intereses en los \u00faltimos a\u00f1os, pero entre ellos no se encuentra&#8230; <\/p>\n","protected":false},"author":1,"featured_media":1729,"comment_status":"open","ping_status":"closed","sticky":false,"template":"","format":"standard","meta":{"footnotes":""},"categories":[24],"tags":[],"class_list":["post-1728","post","type-post","status-publish","format-standard","has-post-thumbnail","hentry","category-management"],"yoast_head":"<!-- This site is optimized with the Yoast SEO plugin v24.8.1 - https:\/\/yoast.com\/wordpress\/plugins\/seo\/ -->\n<title>\u00bfNuestra obsesi\u00f3n por la innovaci\u00f3n tecnol\u00f3gica est\u00e1 provocando un d\u00e9ficit de humanidad? - FORMULA EN LOS NEGOCIOS<\/title>\n<meta name=\"description\" content=\"Miercoles 11 de marzo 2026. F\u00f3rmula en los Negocios, La F\u00f3rmula del \u00c9xito. Conversaci\u00f3n con Zelizeth Gallardo NCC y Roberto Cruz Lozano\" \/>\n<meta name=\"robots\" content=\"index, follow, max-snippet:-1, max-image-preview:large, max-video-preview:-1\" \/>\n<link rel=\"canonical\" href=\"https:\/\/formulaenlosnegocios.com.mx\/index.php\/2026\/03\/20\/nuestra-obsesion-por-la-innovacion-tecnologica-esta-provocando-un-deficit-de-humanidad\/\" \/>\n<meta property=\"og:locale\" content=\"es_ES\" \/>\n<meta property=\"og:type\" content=\"article\" \/>\n<meta property=\"og:title\" content=\"\u00bfNuestra obsesi\u00f3n por la innovaci\u00f3n tecnol\u00f3gica est\u00e1 provocando un d\u00e9ficit de humanidad? - FORMULA EN LOS NEGOCIOS\" \/>\n<meta property=\"og:description\" content=\"Miercoles 11 de marzo 2026. F\u00f3rmula en los Negocios, La F\u00f3rmula del \u00c9xito. Conversaci\u00f3n con Zelizeth Gallardo NCC y Roberto Cruz Lozano\" \/>\n<meta property=\"og:url\" content=\"https:\/\/formulaenlosnegocios.com.mx\/index.php\/2026\/03\/20\/nuestra-obsesion-por-la-innovacion-tecnologica-esta-provocando-un-deficit-de-humanidad\/\" \/>\n<meta property=\"og:site_name\" content=\"FORMULA EN LOS NEGOCIOS\" \/>\n<meta property=\"article:published_time\" content=\"2026-03-20T10:14:03+00:00\" \/>\n<meta property=\"og:image\" content=\"https:\/\/formulaenlosnegocios.com.mx\/wp-content\/uploads\/2026\/03\/MIERCOLES-11.png\" \/>\n\t<meta property=\"og:image:width\" content=\"1280\" \/>\n\t<meta property=\"og:image:height\" content=\"720\" \/>\n\t<meta property=\"og:image:type\" content=\"image\/png\" \/>\n<meta name=\"author\" content=\"admin\" \/>\n<meta name=\"twitter:card\" content=\"summary_large_image\" \/>\n<meta name=\"twitter:label1\" content=\"Escrito por\" \/>\n\t<meta name=\"twitter:data1\" content=\"admin\" \/>\n\t<meta name=\"twitter:label2\" content=\"Tiempo de lectura\" \/>\n\t<meta name=\"twitter:data2\" content=\"7 minutos\" \/>\n<script type=\"application\/ld+json\" class=\"yoast-schema-graph\">{\"@context\":\"https:\/\/schema.org\",\"@graph\":[{\"@type\":\"Article\",\"@id\":\"https:\/\/formulaenlosnegocios.com.mx\/index.php\/2026\/03\/20\/nuestra-obsesion-por-la-innovacion-tecnologica-esta-provocando-un-deficit-de-humanidad\/#article\",\"isPartOf\":{\"@id\":\"https:\/\/formulaenlosnegocios.com.mx\/index.php\/2026\/03\/20\/nuestra-obsesion-por-la-innovacion-tecnologica-esta-provocando-un-deficit-de-humanidad\/\"},\"author\":{\"name\":\"admin\",\"@id\":\"https:\/\/formulaenlosnegocios.com.mx\/#\/schema\/person\/40e5e3a1b959289164d9a67d77d82bf6\"},\"headline\":\"\u00bfNuestra obsesi\u00f3n por la innovaci\u00f3n tecnol\u00f3gica est\u00e1 provocando un d\u00e9ficit de humanidad?\",\"datePublished\":\"2026-03-20T10:14:03+00:00\",\"mainEntityOfPage\":{\"@id\":\"https:\/\/formulaenlosnegocios.com.mx\/index.php\/2026\/03\/20\/nuestra-obsesion-por-la-innovacion-tecnologica-esta-provocando-un-deficit-de-humanidad\/\"},\"wordCount\":1456,\"commentCount\":0,\"publisher\":{\"@id\":\"https:\/\/formulaenlosnegocios.com.mx\/#organization\"},\"image\":{\"@id\":\"https:\/\/formulaenlosnegocios.com.mx\/index.php\/2026\/03\/20\/nuestra-obsesion-por-la-innovacion-tecnologica-esta-provocando-un-deficit-de-humanidad\/#primaryimage\"},\"thumbnailUrl\":\"https:\/\/formulaenlosnegocios.com.mx\/wp-content\/uploads\/2026\/03\/MIERCOLES-11.png\",\"articleSection\":[\"Management\"],\"inLanguage\":\"es\",\"potentialAction\":[{\"@type\":\"CommentAction\",\"name\":\"Comment\",\"target\":[\"https:\/\/formulaenlosnegocios.com.mx\/index.php\/2026\/03\/20\/nuestra-obsesion-por-la-innovacion-tecnologica-esta-provocando-un-deficit-de-humanidad\/#respond\"]}]},{\"@type\":\"WebPage\",\"@id\":\"https:\/\/formulaenlosnegocios.com.mx\/index.php\/2026\/03\/20\/nuestra-obsesion-por-la-innovacion-tecnologica-esta-provocando-un-deficit-de-humanidad\/\",\"url\":\"https:\/\/formulaenlosnegocios.com.mx\/index.php\/2026\/03\/20\/nuestra-obsesion-por-la-innovacion-tecnologica-esta-provocando-un-deficit-de-humanidad\/\",\"name\":\"\u00bfNuestra obsesi\u00f3n por la innovaci\u00f3n tecnol\u00f3gica est\u00e1 provocando un d\u00e9ficit de humanidad? - FORMULA EN LOS NEGOCIOS\",\"isPartOf\":{\"@id\":\"https:\/\/formulaenlosnegocios.com.mx\/#website\"},\"primaryImageOfPage\":{\"@id\":\"https:\/\/formulaenlosnegocios.com.mx\/index.php\/2026\/03\/20\/nuestra-obsesion-por-la-innovacion-tecnologica-esta-provocando-un-deficit-de-humanidad\/#primaryimage\"},\"image\":{\"@id\":\"https:\/\/formulaenlosnegocios.com.mx\/index.php\/2026\/03\/20\/nuestra-obsesion-por-la-innovacion-tecnologica-esta-provocando-un-deficit-de-humanidad\/#primaryimage\"},\"thumbnailUrl\":\"https:\/\/formulaenlosnegocios.com.mx\/wp-content\/uploads\/2026\/03\/MIERCOLES-11.png\",\"datePublished\":\"2026-03-20T10:14:03+00:00\",\"description\":\"Miercoles 11 de marzo 2026. F\u00f3rmula en los Negocios, La F\u00f3rmula del \u00c9xito. Conversaci\u00f3n con Zelizeth Gallardo NCC y Roberto Cruz Lozano\",\"breadcrumb\":{\"@id\":\"https:\/\/formulaenlosnegocios.com.mx\/index.php\/2026\/03\/20\/nuestra-obsesion-por-la-innovacion-tecnologica-esta-provocando-un-deficit-de-humanidad\/#breadcrumb\"},\"inLanguage\":\"es\",\"potentialAction\":[{\"@type\":\"ReadAction\",\"target\":[\"https:\/\/formulaenlosnegocios.com.mx\/index.php\/2026\/03\/20\/nuestra-obsesion-por-la-innovacion-tecnologica-esta-provocando-un-deficit-de-humanidad\/\"]}]},{\"@type\":\"ImageObject\",\"inLanguage\":\"es\",\"@id\":\"https:\/\/formulaenlosnegocios.com.mx\/index.php\/2026\/03\/20\/nuestra-obsesion-por-la-innovacion-tecnologica-esta-provocando-un-deficit-de-humanidad\/#primaryimage\",\"url\":\"https:\/\/formulaenlosnegocios.com.mx\/wp-content\/uploads\/2026\/03\/MIERCOLES-11.png\",\"contentUrl\":\"https:\/\/formulaenlosnegocios.com.mx\/wp-content\/uploads\/2026\/03\/MIERCOLES-11.png\",\"width\":1280,\"height\":720},{\"@type\":\"BreadcrumbList\",\"@id\":\"https:\/\/formulaenlosnegocios.com.mx\/index.php\/2026\/03\/20\/nuestra-obsesion-por-la-innovacion-tecnologica-esta-provocando-un-deficit-de-humanidad\/#breadcrumb\",\"itemListElement\":[{\"@type\":\"ListItem\",\"position\":1,\"name\":\"Portada\",\"item\":\"https:\/\/formulaenlosnegocios.com.mx\/\"},{\"@type\":\"ListItem\",\"position\":2,\"name\":\"\u00bfNuestra obsesi\u00f3n por la innovaci\u00f3n tecnol\u00f3gica est\u00e1 provocando un d\u00e9ficit de humanidad?\"}]},{\"@type\":\"WebSite\",\"@id\":\"https:\/\/formulaenlosnegocios.com.mx\/#website\",\"url\":\"https:\/\/formulaenlosnegocios.com.mx\/\",\"name\":\"FORMULA EN LOS NEGOCIOS\",\"description\":\"La F\u00f3rmula del \u00c9xito.  El mejor contenido empesarial\",\"publisher\":{\"@id\":\"https:\/\/formulaenlosnegocios.com.mx\/#organization\"},\"potentialAction\":[{\"@type\":\"SearchAction\",\"target\":{\"@type\":\"EntryPoint\",\"urlTemplate\":\"https:\/\/formulaenlosnegocios.com.mx\/?s={search_term_string}\"},\"query-input\":{\"@type\":\"PropertyValueSpecification\",\"valueRequired\":true,\"valueName\":\"search_term_string\"}}],\"inLanguage\":\"es\"},{\"@type\":\"Organization\",\"@id\":\"https:\/\/formulaenlosnegocios.com.mx\/#organization\",\"name\":\"FORMULA EN LOS NEGOCIOS\",\"url\":\"https:\/\/formulaenlosnegocios.com.mx\/\",\"logo\":{\"@type\":\"ImageObject\",\"inLanguage\":\"es\",\"@id\":\"https:\/\/formulaenlosnegocios.com.mx\/#\/schema\/logo\/image\/\",\"url\":\"https:\/\/formulaenlosnegocios.com.mx\/wp-content\/uploads\/2025\/04\/cropped-logo-fen-2.jpg\",\"contentUrl\":\"https:\/\/formulaenlosnegocios.com.mx\/wp-content\/uploads\/2025\/04\/cropped-logo-fen-2.jpg\",\"width\":512,\"height\":280,\"caption\":\"FORMULA EN LOS NEGOCIOS\"},\"image\":{\"@id\":\"https:\/\/formulaenlosnegocios.com.mx\/#\/schema\/logo\/image\/\"}},{\"@type\":\"Person\",\"@id\":\"https:\/\/formulaenlosnegocios.com.mx\/#\/schema\/person\/40e5e3a1b959289164d9a67d77d82bf6\",\"name\":\"admin\",\"image\":{\"@type\":\"ImageObject\",\"inLanguage\":\"es\",\"@id\":\"https:\/\/formulaenlosnegocios.com.mx\/#\/schema\/person\/image\/\",\"url\":\"https:\/\/secure.gravatar.com\/avatar\/1f9b3ac5cdb8ccf60c394ddadc6a8a1e?s=96&d=mm&r=g\",\"contentUrl\":\"https:\/\/secure.gravatar.com\/avatar\/1f9b3ac5cdb8ccf60c394ddadc6a8a1e?s=96&d=mm&r=g\",\"caption\":\"admin\"},\"sameAs\":[\"https:\/\/formulaenlosnegocios.com.mx\"],\"url\":\"https:\/\/formulaenlosnegocios.com.mx\/index.php\/author\/admin_jfwxjszx\/\"}]}<\/script>\n<!-- \/ Yoast SEO plugin. -->","yoast_head_json":{"title":"\u00bfNuestra obsesi\u00f3n por la innovaci\u00f3n tecnol\u00f3gica est\u00e1 provocando un d\u00e9ficit de humanidad? - FORMULA EN LOS NEGOCIOS","description":"Miercoles 11 de marzo 2026. F\u00f3rmula en los Negocios, La F\u00f3rmula del \u00c9xito. Conversaci\u00f3n con Zelizeth Gallardo NCC y Roberto Cruz Lozano","robots":{"index":"index","follow":"follow","max-snippet":"max-snippet:-1","max-image-preview":"max-image-preview:large","max-video-preview":"max-video-preview:-1"},"canonical":"https:\/\/formulaenlosnegocios.com.mx\/index.php\/2026\/03\/20\/nuestra-obsesion-por-la-innovacion-tecnologica-esta-provocando-un-deficit-de-humanidad\/","og_locale":"es_ES","og_type":"article","og_title":"\u00bfNuestra obsesi\u00f3n por la innovaci\u00f3n tecnol\u00f3gica est\u00e1 provocando un d\u00e9ficit de humanidad? - FORMULA EN LOS NEGOCIOS","og_description":"Miercoles 11 de marzo 2026. F\u00f3rmula en los Negocios, La F\u00f3rmula del \u00c9xito. Conversaci\u00f3n con Zelizeth Gallardo NCC y Roberto Cruz Lozano","og_url":"https:\/\/formulaenlosnegocios.com.mx\/index.php\/2026\/03\/20\/nuestra-obsesion-por-la-innovacion-tecnologica-esta-provocando-un-deficit-de-humanidad\/","og_site_name":"FORMULA EN LOS NEGOCIOS","article_published_time":"2026-03-20T10:14:03+00:00","og_image":[{"width":1280,"height":720,"url":"https:\/\/formulaenlosnegocios.com.mx\/wp-content\/uploads\/2026\/03\/MIERCOLES-11.png","type":"image\/png"}],"author":"admin","twitter_card":"summary_large_image","twitter_misc":{"Escrito por":"admin","Tiempo de lectura":"7 minutos"},"schema":{"@context":"https:\/\/schema.org","@graph":[{"@type":"Article","@id":"https:\/\/formulaenlosnegocios.com.mx\/index.php\/2026\/03\/20\/nuestra-obsesion-por-la-innovacion-tecnologica-esta-provocando-un-deficit-de-humanidad\/#article","isPartOf":{"@id":"https:\/\/formulaenlosnegocios.com.mx\/index.php\/2026\/03\/20\/nuestra-obsesion-por-la-innovacion-tecnologica-esta-provocando-un-deficit-de-humanidad\/"},"author":{"name":"admin","@id":"https:\/\/formulaenlosnegocios.com.mx\/#\/schema\/person\/40e5e3a1b959289164d9a67d77d82bf6"},"headline":"\u00bfNuestra obsesi\u00f3n por la innovaci\u00f3n tecnol\u00f3gica est\u00e1 provocando un d\u00e9ficit de humanidad?","datePublished":"2026-03-20T10:14:03+00:00","mainEntityOfPage":{"@id":"https:\/\/formulaenlosnegocios.com.mx\/index.php\/2026\/03\/20\/nuestra-obsesion-por-la-innovacion-tecnologica-esta-provocando-un-deficit-de-humanidad\/"},"wordCount":1456,"commentCount":0,"publisher":{"@id":"https:\/\/formulaenlosnegocios.com.mx\/#organization"},"image":{"@id":"https:\/\/formulaenlosnegocios.com.mx\/index.php\/2026\/03\/20\/nuestra-obsesion-por-la-innovacion-tecnologica-esta-provocando-un-deficit-de-humanidad\/#primaryimage"},"thumbnailUrl":"https:\/\/formulaenlosnegocios.com.mx\/wp-content\/uploads\/2026\/03\/MIERCOLES-11.png","articleSection":["Management"],"inLanguage":"es","potentialAction":[{"@type":"CommentAction","name":"Comment","target":["https:\/\/formulaenlosnegocios.com.mx\/index.php\/2026\/03\/20\/nuestra-obsesion-por-la-innovacion-tecnologica-esta-provocando-un-deficit-de-humanidad\/#respond"]}]},{"@type":"WebPage","@id":"https:\/\/formulaenlosnegocios.com.mx\/index.php\/2026\/03\/20\/nuestra-obsesion-por-la-innovacion-tecnologica-esta-provocando-un-deficit-de-humanidad\/","url":"https:\/\/formulaenlosnegocios.com.mx\/index.php\/2026\/03\/20\/nuestra-obsesion-por-la-innovacion-tecnologica-esta-provocando-un-deficit-de-humanidad\/","name":"\u00bfNuestra obsesi\u00f3n por la innovaci\u00f3n tecnol\u00f3gica est\u00e1 provocando un d\u00e9ficit de humanidad? - FORMULA EN LOS NEGOCIOS","isPartOf":{"@id":"https:\/\/formulaenlosnegocios.com.mx\/#website"},"primaryImageOfPage":{"@id":"https:\/\/formulaenlosnegocios.com.mx\/index.php\/2026\/03\/20\/nuestra-obsesion-por-la-innovacion-tecnologica-esta-provocando-un-deficit-de-humanidad\/#primaryimage"},"image":{"@id":"https:\/\/formulaenlosnegocios.com.mx\/index.php\/2026\/03\/20\/nuestra-obsesion-por-la-innovacion-tecnologica-esta-provocando-un-deficit-de-humanidad\/#primaryimage"},"thumbnailUrl":"https:\/\/formulaenlosnegocios.com.mx\/wp-content\/uploads\/2026\/03\/MIERCOLES-11.png","datePublished":"2026-03-20T10:14:03+00:00","description":"Miercoles 11 de marzo 2026. F\u00f3rmula en los Negocios, La F\u00f3rmula del \u00c9xito. Conversaci\u00f3n con Zelizeth Gallardo NCC y Roberto Cruz Lozano","breadcrumb":{"@id":"https:\/\/formulaenlosnegocios.com.mx\/index.php\/2026\/03\/20\/nuestra-obsesion-por-la-innovacion-tecnologica-esta-provocando-un-deficit-de-humanidad\/#breadcrumb"},"inLanguage":"es","potentialAction":[{"@type":"ReadAction","target":["https:\/\/formulaenlosnegocios.com.mx\/index.php\/2026\/03\/20\/nuestra-obsesion-por-la-innovacion-tecnologica-esta-provocando-un-deficit-de-humanidad\/"]}]},{"@type":"ImageObject","inLanguage":"es","@id":"https:\/\/formulaenlosnegocios.com.mx\/index.php\/2026\/03\/20\/nuestra-obsesion-por-la-innovacion-tecnologica-esta-provocando-un-deficit-de-humanidad\/#primaryimage","url":"https:\/\/formulaenlosnegocios.com.mx\/wp-content\/uploads\/2026\/03\/MIERCOLES-11.png","contentUrl":"https:\/\/formulaenlosnegocios.com.mx\/wp-content\/uploads\/2026\/03\/MIERCOLES-11.png","width":1280,"height":720},{"@type":"BreadcrumbList","@id":"https:\/\/formulaenlosnegocios.com.mx\/index.php\/2026\/03\/20\/nuestra-obsesion-por-la-innovacion-tecnologica-esta-provocando-un-deficit-de-humanidad\/#breadcrumb","itemListElement":[{"@type":"ListItem","position":1,"name":"Portada","item":"https:\/\/formulaenlosnegocios.com.mx\/"},{"@type":"ListItem","position":2,"name":"\u00bfNuestra obsesi\u00f3n por la innovaci\u00f3n tecnol\u00f3gica est\u00e1 provocando un d\u00e9ficit de humanidad?"}]},{"@type":"WebSite","@id":"https:\/\/formulaenlosnegocios.com.mx\/#website","url":"https:\/\/formulaenlosnegocios.com.mx\/","name":"FORMULA EN LOS NEGOCIOS","description":"La F\u00f3rmula del \u00c9xito.  El mejor contenido empesarial","publisher":{"@id":"https:\/\/formulaenlosnegocios.com.mx\/#organization"},"potentialAction":[{"@type":"SearchAction","target":{"@type":"EntryPoint","urlTemplate":"https:\/\/formulaenlosnegocios.com.mx\/?s={search_term_string}"},"query-input":{"@type":"PropertyValueSpecification","valueRequired":true,"valueName":"search_term_string"}}],"inLanguage":"es"},{"@type":"Organization","@id":"https:\/\/formulaenlosnegocios.com.mx\/#organization","name":"FORMULA EN LOS NEGOCIOS","url":"https:\/\/formulaenlosnegocios.com.mx\/","logo":{"@type":"ImageObject","inLanguage":"es","@id":"https:\/\/formulaenlosnegocios.com.mx\/#\/schema\/logo\/image\/","url":"https:\/\/formulaenlosnegocios.com.mx\/wp-content\/uploads\/2025\/04\/cropped-logo-fen-2.jpg","contentUrl":"https:\/\/formulaenlosnegocios.com.mx\/wp-content\/uploads\/2025\/04\/cropped-logo-fen-2.jpg","width":512,"height":280,"caption":"FORMULA EN LOS NEGOCIOS"},"image":{"@id":"https:\/\/formulaenlosnegocios.com.mx\/#\/schema\/logo\/image\/"}},{"@type":"Person","@id":"https:\/\/formulaenlosnegocios.com.mx\/#\/schema\/person\/40e5e3a1b959289164d9a67d77d82bf6","name":"admin","image":{"@type":"ImageObject","inLanguage":"es","@id":"https:\/\/formulaenlosnegocios.com.mx\/#\/schema\/person\/image\/","url":"https:\/\/secure.gravatar.com\/avatar\/1f9b3ac5cdb8ccf60c394ddadc6a8a1e?s=96&d=mm&r=g","contentUrl":"https:\/\/secure.gravatar.com\/avatar\/1f9b3ac5cdb8ccf60c394ddadc6a8a1e?s=96&d=mm&r=g","caption":"admin"},"sameAs":["https:\/\/formulaenlosnegocios.com.mx"],"url":"https:\/\/formulaenlosnegocios.com.mx\/index.php\/author\/admin_jfwxjszx\/"}]}},"jetpack_featured_media_url":"https:\/\/formulaenlosnegocios.com.mx\/wp-content\/uploads\/2026\/03\/MIERCOLES-11.png","_links":{"self":[{"href":"https:\/\/formulaenlosnegocios.com.mx\/index.php\/wp-json\/wp\/v2\/posts\/1728","targetHints":{"allow":["GET"]}}],"collection":[{"href":"https:\/\/formulaenlosnegocios.com.mx\/index.php\/wp-json\/wp\/v2\/posts"}],"about":[{"href":"https:\/\/formulaenlosnegocios.com.mx\/index.php\/wp-json\/wp\/v2\/types\/post"}],"author":[{"embeddable":true,"href":"https:\/\/formulaenlosnegocios.com.mx\/index.php\/wp-json\/wp\/v2\/users\/1"}],"replies":[{"embeddable":true,"href":"https:\/\/formulaenlosnegocios.com.mx\/index.php\/wp-json\/wp\/v2\/comments?post=1728"}],"version-history":[{"count":1,"href":"https:\/\/formulaenlosnegocios.com.mx\/index.php\/wp-json\/wp\/v2\/posts\/1728\/revisions"}],"predecessor-version":[{"id":1730,"href":"https:\/\/formulaenlosnegocios.com.mx\/index.php\/wp-json\/wp\/v2\/posts\/1728\/revisions\/1730"}],"wp:featuredmedia":[{"embeddable":true,"href":"https:\/\/formulaenlosnegocios.com.mx\/index.php\/wp-json\/wp\/v2\/media\/1729"}],"wp:attachment":[{"href":"https:\/\/formulaenlosnegocios.com.mx\/index.php\/wp-json\/wp\/v2\/media?parent=1728"}],"wp:term":[{"taxonomy":"category","embeddable":true,"href":"https:\/\/formulaenlosnegocios.com.mx\/index.php\/wp-json\/wp\/v2\/categories?post=1728"},{"taxonomy":"post_tag","embeddable":true,"href":"https:\/\/formulaenlosnegocios.com.mx\/index.php\/wp-json\/wp\/v2\/tags?post=1728"}],"curies":[{"name":"wp","href":"https:\/\/api.w.org\/{rel}","templated":true}]}}