{"id":1777,"date":"2026-03-31T12:27:24","date_gmt":"2026-03-31T18:27:24","guid":{"rendered":"https:\/\/formulaenlosnegocios.com.mx\/?p=1777"},"modified":"2026-03-31T12:27:24","modified_gmt":"2026-03-31T18:27:24","slug":"las-ventajas-competitivas-de-la-conciencia-emociona","status":"publish","type":"post","link":"https:\/\/formulaenlosnegocios.com.mx\/index.php\/2026\/03\/31\/las-ventajas-competitivas-de-la-conciencia-emociona\/","title":{"rendered":"Las ventajas competitivas de la conciencia emociona"},"content":{"rendered":"<p class=\"p1\">Las ventajas competitivas de la conciencia emocional<\/p>\n<p class=\"p2\">Un viaje desde el lenguaje, la ontolog\u00eda y la coherencia interna<\/p>\n<p class=\"p2\">En el mundo empresarial contempor\u00e1neo, donde la velocidad, la incertidumbre y la complejidad<\/p>\n<p class=\"p2\">marcan el pulso de cada decisi\u00f3n, emerge una competencia silenciosa que no suele figurar en los<\/p>\n<p class=\"p2\">balances ni en los reportes trimestrales, pero que define, con precisi\u00f3n casi invisible, la calidad de los<\/p>\n<p class=\"p2\">resultados: la conciencia emocional.<\/p>\n<p class=\"p2\">No se trata simplemente de \u201cgestionar emociones\u201d ni de aplicar t\u00e9cnicas de inteligencia emocional<\/p>\n<p class=\"p2\">como herramientas aisladas. Lo que est\u00e1 en juego es algo m\u00e1s profundo: la relaci\u00f3n entre lenguaje,<\/p>\n<p class=\"p2\">emoci\u00f3n y realidad. En otras palabras, c\u00f3mo lo que sentimos configura lo que vemos, y c\u00f3mo lo que<\/p>\n<p class=\"p2\">decimos termina moldeando lo que somos capaces de crear.<\/p>\n<p class=\"p2\">Desde la odontolog\u00eda del lenguaje \u2014una met\u00e1fora que invita a \u201climpiar\u201d, \u201cdiagnosticar\u201d y \u201ccorregir\u201d<\/p>\n<p class=\"p2\">patrones ling\u00fc\u00edsticos\u2014, pasando por la filosof\u00eda del lenguaje y el coaching ontol\u00f3gico, se revela una<\/p>\n<p class=\"p2\">verdad inc\u00f3moda pero liberadora: no vemos el mundo como es, sino como somos en el lenguaje y<\/p>\n<p class=\"p2\">en la emoci\u00f3n.<\/p>\n<p class=\"p2\">Y all\u00ed, precisamente, nace una ventaja competitiva dif\u00edcil de imitar.<\/p>\n<p class=\"p2\">El lenguaje no describe la realidad: la genera. Durante siglos, el lenguaje fue considerado un medio<\/p>\n<p class=\"p2\">descriptivo: una herramienta para representar lo que ya existe. Sin embargo, tanto la filosof\u00eda del<\/p>\n<p class=\"p2\">lenguaje contempor\u00e1nea como el coaching ontol\u00f3gico han desafiado esta premisa.<\/p>\n<p class=\"p2\">El lenguaje no solo describe; el lenguaje crea. Cuando un l\u00edder dice \u201cesto es imposible\u201d, no est\u00e1<\/p>\n<p class=\"p2\">simplemente opinando: est\u00e1 cerrando posibilidades. Cuando afirma \u201cvamos a explorar alternativas\u201d,<\/p>\n<p class=\"p2\">no est\u00e1 siendo optimista: est\u00e1 abriendo espacio para la acci\u00f3n. Pero aqu\u00ed aparece una dimensi\u00f3n a\u00fan<\/p>\n<p class=\"p2\">m\u00e1s sutil: el lenguaje no opera solo. Siempre est\u00e1 acompa\u00f1ado de una emoci\u00f3n.<\/p>\n<p class=\"p2\">Una misma frase dicha desde la resignaci\u00f3n no produce el mismo efecto que dicha desde la<\/p>\n<p class=\"p2\">curiosidad. El contenido puede ser id\u00e9ntico, pero el campo emocional que lo sostiene altera<\/p>\n<p class=\"p2\">completamente su impacto. Desde esta perspectiva, la conciencia emocional no es un complemento<\/p>\n<p class=\"p2\">del lenguaje: es su fundamento operativo.<\/p>\n<p class=\"p2\">Emoci\u00f3n: el filtro invisible de la percepci\u00f3n<\/p>\n<p class=\"p2\">La emoci\u00f3n no es un accesorio del ser humano. Es un estado de predisposici\u00f3n para la acci\u00f3n.<\/p>\n<p class=\"p2\">Cada emoci\u00f3n configura un mundo distinto:<\/p>\n<p class=\"p2\">\u2022 Desde el miedo, vemos amenazas.<\/p>\n<p class=\"p2\">\u2022 Desde la confianza, vemos oportunidades.<\/p>\n<p class=\"p2\">\u2022 Desde la frustraci\u00f3n, vemos obst\u00e1culos.<\/p>\n<p class=\"p2\">\u2022 Desde la curiosidad, vemos posibilidades.<\/p>\n<p class=\"p2\">Un l\u00edder que no reconoce su estado emocional no solo pierde claridad interna, sino que distorsiona su<\/p>\n<p class=\"p2\">lectura de la realidad. Y esa distorsi\u00f3n tiene consecuencias estrat\u00e9gicas.Aqu\u00ed se revela una de las primeras ventajas competitivas de la conciencia emocional: la capacidad de<\/p>\n<p class=\"p2\">ver con mayor precisi\u00f3n. No porque se tenga m\u00e1s informaci\u00f3n, sino porque se reduce el ruido<\/p>\n<p class=\"p2\">interno.<\/p>\n<p class=\"p2\">Ontolog\u00eda del lenguaje: limpiar lo que contamina la acci\u00f3n<\/p>\n<p class=\"p2\">La met\u00e1fora de la ontolog\u00eda del lenguaje apunta a un principio simple pero poderoso: as\u00ed como los<\/p>\n<p class=\"p2\">dientes requieren limpieza y cuidado para funcionar correctamente, el lenguaje tambi\u00e9n necesita<\/p>\n<p class=\"p2\">revisi\u00f3n consciente. Muchos l\u00edderes operan con patrones ling\u00fc\u00edsticos que erosionan su efectividad sin<\/p>\n<p class=\"p2\">que lo noten:<\/p>\n<p class=\"p2\">\u2022 \u201cSiempre pasa lo mismo\u201d<\/p>\n<p class=\"p2\">\u2022 \u201cEsto nunca funciona\u201d<\/p>\n<p class=\"p2\">\u2022 \u201cLa gente es as\u00ed\u201d<\/p>\n<p class=\"p2\">\u2022 \u201cNo hay nada que hacer\u201d<\/p>\n<p class=\"p2\">Estas expresiones no son inocentes. Son declaraciones que fijan interpretaciones como si fueran<\/p>\n<p class=\"p2\">hechos. Desde la conciencia emocional, comienza un proceso de \u201chigiene ling\u00fc\u00edstica\u201d:<\/p>\n<p class=\"p2\">\u2022 Se distingue entre hechos e interpretaciones.<\/p>\n<p class=\"p2\">\u2022 Se cuestionan narrativas limitantes.<\/p>\n<p class=\"p2\">\u2022 Se abren nuevas formas de describir la realidad.<\/p>\n<p class=\"p2\">Y en ese acto, se libera energ\u00eda atrapada en estructuras r\u00edgidas. La ventaja competitiva aqu\u00ed es clara:<\/p>\n<p class=\"p2\">quien puede redefinir el lenguaje, puede redefinir el juego.<\/p>\n<p class=\"p2\">Filosof\u00eda del lenguaje: el poder de lo no dicho.<\/p>\n<p class=\"p2\">La filosof\u00eda del lenguaje nos recuerda que lo importante no es solo lo que se dice, sino lo que se<\/p>\n<p class=\"p2\">presupone. Cada conversaci\u00f3n contiene capas invisibles:<\/p>\n<p class=\"p2\">\u2022 Supuestos<\/p>\n<p class=\"p2\">\u2022 Juicios<\/p>\n<p class=\"p2\">\u2022 Expectativas<\/p>\n<p class=\"p2\">\u2022 Historias internas<\/p>\n<p class=\"p2\">Un ejecutivo puede decir \u201cnecesitamos mejorar los resultados\u201d, pero detr\u00e1s puede haber miedo,<\/p>\n<p class=\"p2\">presi\u00f3n o inseguridad. Si esas capas no se hacen conscientes, la comunicaci\u00f3n se vuelve ambigua, y<\/p>\n<p class=\"p2\">la acci\u00f3n, incoherente.<\/p>\n<p class=\"p2\">La conciencia emocional permite escuchar m\u00e1s all\u00e1 de las palabras. Permite detectar:<\/p>\n<p class=\"p2\">\u2022 Tensiones no expresadas<\/p>\n<p class=\"p2\">\u2022 Resistencias ocultas<\/p>\n<p class=\"p2\">\u2022 Intenciones impl\u00edcitas<\/p>\n<p class=\"p2\">Y desde ah\u00ed, intervenir con mayor precisi\u00f3n. Esto no es solo comunicaci\u00f3n efectiva. Es lectura<\/p>\n<p class=\"p2\">estrat\u00e9gica del lenguaje humano.Coaching ontol\u00f3gico: ser antes que hacer. El coaching ontol\u00f3gico introduce una distinci\u00f3n<\/p>\n<p class=\"p2\">fundamental: no actuamos solo desde lo que sabemos, sino desde lo que somos.<\/p>\n<p class=\"p2\">Y \u201clo que somos\u201d est\u00e1 profundamente influido por nuestros estados emocionales recurrentes. Un l\u00edder<\/p>\n<p class=\"p2\">puede tener la mejor estrategia, pero si opera desde la ansiedad, sus decisiones estar\u00e1n te\u00f1idas de<\/p>\n<p class=\"p2\">urgencia. Si opera desde la arrogancia, cerrar\u00e1 conversaciones valiosas. Si opera desde la<\/p>\n<p class=\"p2\">inseguridad, evitar\u00e1 riesgos necesarios. La conciencia emocional no busca eliminar emociones, sino<\/p>\n<p class=\"p2\">reconocerlas como parte del sistema operativo del ser. Y desde ese reconocimiento, elegir con mayor<\/p>\n<p class=\"p2\">libertad. Aqu\u00ed emerge otra ventaja competitiva: la capacidad de responder en lugar de reaccionar.<\/p>\n<p class=\"p2\">La coherencia como activo invisible<\/p>\n<p class=\"p2\">En entornos organizacionales, las personas no solo escuchan lo que se dice. Perciben la coherencia.<\/p>\n<p class=\"p2\">Cuando hay alineaci\u00f3n entre:<\/p>\n<p class=\"p2\">\u2022 Lo que se dice<\/p>\n<p class=\"p2\">\u2022 Lo que se siente<\/p>\n<p class=\"p2\">\u2022 Lo que se hace<\/p>\n<p class=\"p2\">Se genera confianza. Y la confianza es uno de los activos m\u00e1s valiosos en cualquier organizaci\u00f3n.<\/p>\n<p class=\"p2\">La conciencia emocional permite detectar incoherencias internas antes de que se manifiesten<\/p>\n<p class=\"p2\">externamente. Permite ajustar el tono, el timing y la intenci\u00f3n. Y en ese ajuste fino, se construyen<\/p>\n<p class=\"p2\">relaciones m\u00e1s s\u00f3lidas, equipos m\u00e1s comprometidos y culturas m\u00e1s resilientes.<\/p>\n<p class=\"p2\">La emoci\u00f3n como ventaja estrat\u00e9gica en la toma de decisiones<\/p>\n<p class=\"p2\">La toma de decisiones no es un proceso puramente racional. Est\u00e1 profundamente influido por<\/p>\n<p class=\"p2\">estados emocionales. Un mismo escenario puede llevar a decisiones completamente distintas<\/p>\n<p class=\"p2\">dependiendo del estado interno del decisor. La conciencia emocional introduce una pausa:<\/p>\n<p class=\"p2\">\u2022 \u00bfDesde qu\u00e9 emoci\u00f3n estoy decidiendo?<\/p>\n<p class=\"p2\">\u2022 \u00bfEsta emoci\u00f3n ampl\u00eda o reduce mi visi\u00f3n?<\/p>\n<p class=\"p2\">\u2022 \u00bfQu\u00e9 pasar\u00eda si esperara a un estado m\u00e1s claro?<\/p>\n<p class=\"p2\">No se trata de eliminar la emoci\u00f3n, sino de integrarla con discernimiento. Y en esa integraci\u00f3n, la<\/p>\n<p class=\"p2\">decisi\u00f3n se vuelve m\u00e1s completa.<\/p>\n<p class=\"p2\">Liderazgo emocionalmente consciente: un nuevo paradigma<\/p>\n<p class=\"p2\">El liderazgo tradicional se construy\u00f3 sobre la idea de control, certeza y autoridad. El liderazgo<\/p>\n<p class=\"p2\">emergente se construye sobre:<\/p>\n<p class=\"p2\">\u2022 Presencia<\/p>\n<p class=\"p2\">\u2022 Escucha<\/p>\n<p class=\"p2\">\u2022 Coherencia<\/p>\n<p class=\"p2\">\u2022 Adaptabilidad<\/p>\n<p class=\"p2\">Un l\u00edder emocionalmente consciente no es el que \u201ctiene todas las respuestas\u201d, sino el que puede<\/p>\n<p class=\"p2\">sostener preguntas sin colapsar en la ansiedad. Es el que puede navegar la incertidumbre sintransmitir p\u00e1nico. Es el que puede reconocer su propia emocionalidad sin proyectarla en el equipo.<\/p>\n<p class=\"p2\">Esto no es debilidad. Es sofisticaci\u00f3n.<\/p>\n<p class=\"p2\">La relaci\u00f3n entre conciencia y creaci\u00f3n<\/p>\n<p class=\"p2\">Desde una mirada m\u00e1s profunda, lo que llamamos \u201crealidad\u201d es una construcci\u00f3n en la que participan<\/p>\n<p class=\"p2\">percepci\u00f3n, lenguaje y emoci\u00f3n. Cuando la emoci\u00f3n es inconsciente, la creaci\u00f3n es reactiva. Cuando<\/p>\n<p class=\"p2\">la emoci\u00f3n es consciente, la creaci\u00f3n se vuelve intencional. Esto no implica control absoluto, sino<\/p>\n<p class=\"p2\">mayor alineaci\u00f3n. Una organizaci\u00f3n que cultiva conciencia emocional no solo mejora su clima laboral.<\/p>\n<p class=\"p2\">Mejora su capacidad de innovar, de adaptarse y de sostener procesos complejos.<\/p>\n<p class=\"p2\">Cinco claves pr\u00e1cticas para entrar en el mundo emocional<\/p>\n<p class=\"p2\">Para llevar estas ideas a un terreno pr\u00e1ctico \u2014tanto en lo personal como en lo profesional\u2014, se<\/p>\n<p class=\"p2\">proponen cinco claves que no requieren perfecci\u00f3n, sino pr\u00e1ctica constante.<\/p>\n<p class=\"p2\">1. Nombrar la emoci\u00f3n<\/p>\n<p class=\"p2\">Lo que no se nombra, domina. Desarrollar el h\u00e1bito de identificar con precisi\u00f3n la emoci\u00f3n presente:<\/p>\n<p class=\"p2\">\u2022 No es lo mismo \u201cmalestar\u201d que \u201cfrustraci\u00f3n\u201d<\/p>\n<p class=\"p2\">\u2022 No es lo mismo \u201cestr\u00e9s\u201d que \u201cmiedo\u201d<\/p>\n<p class=\"p2\">Nombrar con claridad reduce la intensidad y aumenta la conciencia.<\/p>\n<p class=\"p2\">2. Distinguir hechos de interpretaciones<\/p>\n<p class=\"p2\">Preguntarse:<\/p>\n<p class=\"p2\">\u2022 \u00bfQu\u00e9 ocurri\u00f3 realmente?<\/p>\n<p class=\"p2\">\u2022 \u00bfQu\u00e9 estoy interpretando sobre eso?<\/p>\n<p class=\"p2\">Esta distinci\u00f3n limpia el lenguaje interno y evita decisiones basadas en narrativas no verificadas.<\/p>\n<p class=\"p2\">3. Observar el cuerpo<\/p>\n<p class=\"p2\">La emoci\u00f3n no solo vive en la mente. Se expresa en el cuerpo:<\/p>\n<p class=\"p2\">\u2022 Tensi\u00f3n<\/p>\n<p class=\"p2\">\u2022 Respiraci\u00f3n<\/p>\n<p class=\"p2\">\u2022 Postura<\/p>\n<p class=\"p2\">El cuerpo es un indicador temprano del estado emocional. Escucharlo permite intervenir antes de<\/p>\n<p class=\"p2\">reaccionar.<\/p>\n<p class=\"p2\">4. Pausar antes de responder<\/p>\n<p class=\"p2\">Entre est\u00edmulo y respuesta hay un espacio. Ese espacio es la puerta de la libertad. Practicar pausas<\/p>\n<p class=\"p2\">conscientes \u2014aunque sean breves\u2014 permite elegir en lugar de reaccionar.<\/p>\n<p class=\"p2\">5. Expandir el repertorio emocionalMuchas personas operan con un rango limitado de emociones. Explorar nuevas formas de sentir \u2014<\/p>\n<p class=\"p2\">curiosidad, apertura, gratitud, asombro\u2014 ampl\u00eda las posibilidades de acci\u00f3n. No se trata de forzar<\/p>\n<p class=\"p2\">emociones, sino de permitirlas.<\/p>\n<p class=\"p2\">Cierre: una invitaci\u00f3n a la observaci\u00f3n<\/p>\n<p class=\"p2\">La conciencia emocional no es un destino. Es una pr\u00e1ctica. No se trata de \u201cllegar\u201d a un estado ideal,<\/p>\n<p class=\"p2\">sino de observar con mayor honestidad lo que ya est\u00e1 presente. En ese acto de observaci\u00f3n, algo se<\/p>\n<p class=\"p2\">ordena. No por imposici\u00f3n, sino por claridad. Y desde esa claridad, las decisiones, las<\/p>\n<p class=\"p2\">conversaciones y las relaciones comienzan a transformarse. No como una t\u00e9cnica, sino como una<\/p>\n<p class=\"p2\">consecuencia natural de un sistema m\u00e1s coherente. Si algo de este recorrido resuena, no es<\/p>\n<p class=\"p2\">necesario apresurarse a cambiar nada. Basta con notar. Porque a veces, el cambio m\u00e1s profundo no<\/p>\n<p class=\"p2\">comienza con una acci\u00f3n, sino con una mirada distinta sobre lo que ya es.<\/p>\n<p class=\"p3\">Gonzalo C\u00f3rdova: Coach Ejecutivo y Estratega Conversacional<\/p>\n<p class=\"p3\">Redes: @gonzalocordova<\/p>\n<p class=\"p3\">Podcast: BeingLab<\/p>\n<p class=\"p4\">Gonzalo C\u00f3rdova est\u00e1 dedicado al desarrollo humano, es un<\/p>\n<p class=\"p4\">reconocido estratega conversacional, experto en innovar seres humanos y dinamizar l\u00edderes. Es<\/p>\n<p class=\"p4\">facilitador, conferencista, coach personal y organizacional. Ha acompa\u00f1ado a miles de personas<\/p>\n<p class=\"p4\">en procesos internacionales de entrenamiento, transformaci\u00f3n y liderazgo. Ha sido certificado por<\/p>\n<p class=\"p4\">la International Coach Federation, nivel PCC y The Newfield Network USA. Mentorizado por Julio<\/p>\n<p class=\"p4\">Olalla, referente mundial del coaching ontol\u00f3gico. Licenciado en Ciencias de la Comunicaci\u00f3n por<\/p>\n<p class=\"p4\">la Universidad An\u00e1huac M\u00e9xico, fundador de BeingLab, organizaci\u00f3n con la cual ha creado<\/p>\n<p class=\"p4\">procesos de liderazgo y mejora para ejecutivos de m\u00e1s de 25 pa\u00edses. Radica con su familia en San<\/p>\n<p class=\"p4\">Francisco California, EEUU<span class=\"s2\">.<\/span><\/p>\n","protected":false},"excerpt":{"rendered":"<p>Las ventajas competitivas de la conciencia emocional Un viaje desde el lenguaje, la ontolog\u00eda y la coherencia interna En el mundo empresarial contempor\u00e1neo, donde la velocidad, la incertidumbre y la complejidad marcan el pulso de cada decisi\u00f3n, emerge una competencia&#8230; <\/p>\n","protected":false},"author":1,"featured_media":1778,"comment_status":"open","ping_status":"closed","sticky":false,"template":"","format":"standard","meta":{"footnotes":""},"categories":[24],"tags":[],"class_list":["post-1777","post","type-post","status-publish","format-standard","has-post-thumbnail","hentry","category-management"],"yoast_head":"<!-- This site is optimized with the Yoast SEO plugin v24.8.1 - https:\/\/yoast.com\/wordpress\/plugins\/seo\/ -->\n<title>Las ventajas competitivas de la conciencia emociona - FORMULA EN LOS NEGOCIOS<\/title>\n<meta name=\"description\" content=\"Lunes 30 de marzo 2026. F\u00f3rmula en los Negocios, La F\u00f3rmula del \u00c9xito. Conversaci\u00f3n con Gonzalo C\u00f3rdova y Roberto Cruz Lozano\" \/>\n<meta name=\"robots\" content=\"index, follow, max-snippet:-1, max-image-preview:large, max-video-preview:-1\" \/>\n<link rel=\"canonical\" href=\"https:\/\/formulaenlosnegocios.com.mx\/index.php\/2026\/03\/31\/las-ventajas-competitivas-de-la-conciencia-emociona\/\" \/>\n<meta property=\"og:locale\" content=\"es_ES\" \/>\n<meta property=\"og:type\" content=\"article\" \/>\n<meta property=\"og:title\" content=\"Las ventajas competitivas de la conciencia emociona - FORMULA EN LOS NEGOCIOS\" \/>\n<meta property=\"og:description\" content=\"Lunes 30 de marzo 2026. F\u00f3rmula en los Negocios, La F\u00f3rmula del \u00c9xito. Conversaci\u00f3n con Gonzalo C\u00f3rdova y Roberto Cruz Lozano\" \/>\n<meta property=\"og:url\" content=\"https:\/\/formulaenlosnegocios.com.mx\/index.php\/2026\/03\/31\/las-ventajas-competitivas-de-la-conciencia-emociona\/\" \/>\n<meta property=\"og:site_name\" content=\"FORMULA EN LOS NEGOCIOS\" \/>\n<meta property=\"article:published_time\" content=\"2026-03-31T18:27:24+00:00\" \/>\n<meta property=\"og:image\" content=\"https:\/\/formulaenlosnegocios.com.mx\/wp-content\/uploads\/2026\/03\/LUNES-30-SIN.png\" \/>\n\t<meta property=\"og:image:width\" content=\"1280\" \/>\n\t<meta property=\"og:image:height\" content=\"720\" \/>\n\t<meta property=\"og:image:type\" content=\"image\/png\" \/>\n<meta name=\"author\" content=\"admin\" \/>\n<meta name=\"twitter:card\" content=\"summary_large_image\" \/>\n<meta name=\"twitter:label1\" content=\"Escrito por\" \/>\n\t<meta name=\"twitter:data1\" content=\"admin\" \/>\n\t<meta name=\"twitter:label2\" content=\"Tiempo de lectura\" \/>\n\t<meta name=\"twitter:data2\" content=\"8 minutos\" \/>\n<script type=\"application\/ld+json\" class=\"yoast-schema-graph\">{\"@context\":\"https:\/\/schema.org\",\"@graph\":[{\"@type\":\"Article\",\"@id\":\"https:\/\/formulaenlosnegocios.com.mx\/index.php\/2026\/03\/31\/las-ventajas-competitivas-de-la-conciencia-emociona\/#article\",\"isPartOf\":{\"@id\":\"https:\/\/formulaenlosnegocios.com.mx\/index.php\/2026\/03\/31\/las-ventajas-competitivas-de-la-conciencia-emociona\/\"},\"author\":{\"name\":\"admin\",\"@id\":\"https:\/\/formulaenlosnegocios.com.mx\/#\/schema\/person\/40e5e3a1b959289164d9a67d77d82bf6\"},\"headline\":\"Las ventajas competitivas de la conciencia emociona\",\"datePublished\":\"2026-03-31T18:27:24+00:00\",\"mainEntityOfPage\":{\"@id\":\"https:\/\/formulaenlosnegocios.com.mx\/index.php\/2026\/03\/31\/las-ventajas-competitivas-de-la-conciencia-emociona\/\"},\"wordCount\":1727,\"commentCount\":0,\"publisher\":{\"@id\":\"https:\/\/formulaenlosnegocios.com.mx\/#organization\"},\"image\":{\"@id\":\"https:\/\/formulaenlosnegocios.com.mx\/index.php\/2026\/03\/31\/las-ventajas-competitivas-de-la-conciencia-emociona\/#primaryimage\"},\"thumbnailUrl\":\"https:\/\/formulaenlosnegocios.com.mx\/wp-content\/uploads\/2026\/03\/LUNES-30-SIN.png\",\"articleSection\":[\"Management\"],\"inLanguage\":\"es\",\"potentialAction\":[{\"@type\":\"CommentAction\",\"name\":\"Comment\",\"target\":[\"https:\/\/formulaenlosnegocios.com.mx\/index.php\/2026\/03\/31\/las-ventajas-competitivas-de-la-conciencia-emociona\/#respond\"]}]},{\"@type\":\"WebPage\",\"@id\":\"https:\/\/formulaenlosnegocios.com.mx\/index.php\/2026\/03\/31\/las-ventajas-competitivas-de-la-conciencia-emociona\/\",\"url\":\"https:\/\/formulaenlosnegocios.com.mx\/index.php\/2026\/03\/31\/las-ventajas-competitivas-de-la-conciencia-emociona\/\",\"name\":\"Las ventajas competitivas de la conciencia emociona - FORMULA EN LOS NEGOCIOS\",\"isPartOf\":{\"@id\":\"https:\/\/formulaenlosnegocios.com.mx\/#website\"},\"primaryImageOfPage\":{\"@id\":\"https:\/\/formulaenlosnegocios.com.mx\/index.php\/2026\/03\/31\/las-ventajas-competitivas-de-la-conciencia-emociona\/#primaryimage\"},\"image\":{\"@id\":\"https:\/\/formulaenlosnegocios.com.mx\/index.php\/2026\/03\/31\/las-ventajas-competitivas-de-la-conciencia-emociona\/#primaryimage\"},\"thumbnailUrl\":\"https:\/\/formulaenlosnegocios.com.mx\/wp-content\/uploads\/2026\/03\/LUNES-30-SIN.png\",\"datePublished\":\"2026-03-31T18:27:24+00:00\",\"description\":\"Lunes 30 de marzo 2026. F\u00f3rmula en los Negocios, La F\u00f3rmula del \u00c9xito. Conversaci\u00f3n con Gonzalo C\u00f3rdova y Roberto Cruz Lozano\",\"breadcrumb\":{\"@id\":\"https:\/\/formulaenlosnegocios.com.mx\/index.php\/2026\/03\/31\/las-ventajas-competitivas-de-la-conciencia-emociona\/#breadcrumb\"},\"inLanguage\":\"es\",\"potentialAction\":[{\"@type\":\"ReadAction\",\"target\":[\"https:\/\/formulaenlosnegocios.com.mx\/index.php\/2026\/03\/31\/las-ventajas-competitivas-de-la-conciencia-emociona\/\"]}]},{\"@type\":\"ImageObject\",\"inLanguage\":\"es\",\"@id\":\"https:\/\/formulaenlosnegocios.com.mx\/index.php\/2026\/03\/31\/las-ventajas-competitivas-de-la-conciencia-emociona\/#primaryimage\",\"url\":\"https:\/\/formulaenlosnegocios.com.mx\/wp-content\/uploads\/2026\/03\/LUNES-30-SIN.png\",\"contentUrl\":\"https:\/\/formulaenlosnegocios.com.mx\/wp-content\/uploads\/2026\/03\/LUNES-30-SIN.png\",\"width\":1280,\"height\":720},{\"@type\":\"BreadcrumbList\",\"@id\":\"https:\/\/formulaenlosnegocios.com.mx\/index.php\/2026\/03\/31\/las-ventajas-competitivas-de-la-conciencia-emociona\/#breadcrumb\",\"itemListElement\":[{\"@type\":\"ListItem\",\"position\":1,\"name\":\"Portada\",\"item\":\"https:\/\/formulaenlosnegocios.com.mx\/\"},{\"@type\":\"ListItem\",\"position\":2,\"name\":\"Las ventajas competitivas de la conciencia emociona\"}]},{\"@type\":\"WebSite\",\"@id\":\"https:\/\/formulaenlosnegocios.com.mx\/#website\",\"url\":\"https:\/\/formulaenlosnegocios.com.mx\/\",\"name\":\"FORMULA EN LOS NEGOCIOS\",\"description\":\"La F\u00f3rmula del \u00c9xito.  El mejor contenido empesarial\",\"publisher\":{\"@id\":\"https:\/\/formulaenlosnegocios.com.mx\/#organization\"},\"potentialAction\":[{\"@type\":\"SearchAction\",\"target\":{\"@type\":\"EntryPoint\",\"urlTemplate\":\"https:\/\/formulaenlosnegocios.com.mx\/?s={search_term_string}\"},\"query-input\":{\"@type\":\"PropertyValueSpecification\",\"valueRequired\":true,\"valueName\":\"search_term_string\"}}],\"inLanguage\":\"es\"},{\"@type\":\"Organization\",\"@id\":\"https:\/\/formulaenlosnegocios.com.mx\/#organization\",\"name\":\"FORMULA EN LOS NEGOCIOS\",\"url\":\"https:\/\/formulaenlosnegocios.com.mx\/\",\"logo\":{\"@type\":\"ImageObject\",\"inLanguage\":\"es\",\"@id\":\"https:\/\/formulaenlosnegocios.com.mx\/#\/schema\/logo\/image\/\",\"url\":\"https:\/\/formulaenlosnegocios.com.mx\/wp-content\/uploads\/2025\/04\/cropped-logo-fen-2.jpg\",\"contentUrl\":\"https:\/\/formulaenlosnegocios.com.mx\/wp-content\/uploads\/2025\/04\/cropped-logo-fen-2.jpg\",\"width\":512,\"height\":280,\"caption\":\"FORMULA EN LOS NEGOCIOS\"},\"image\":{\"@id\":\"https:\/\/formulaenlosnegocios.com.mx\/#\/schema\/logo\/image\/\"}},{\"@type\":\"Person\",\"@id\":\"https:\/\/formulaenlosnegocios.com.mx\/#\/schema\/person\/40e5e3a1b959289164d9a67d77d82bf6\",\"name\":\"admin\",\"image\":{\"@type\":\"ImageObject\",\"inLanguage\":\"es\",\"@id\":\"https:\/\/formulaenlosnegocios.com.mx\/#\/schema\/person\/image\/\",\"url\":\"https:\/\/secure.gravatar.com\/avatar\/1f9b3ac5cdb8ccf60c394ddadc6a8a1e?s=96&d=mm&r=g\",\"contentUrl\":\"https:\/\/secure.gravatar.com\/avatar\/1f9b3ac5cdb8ccf60c394ddadc6a8a1e?s=96&d=mm&r=g\",\"caption\":\"admin\"},\"sameAs\":[\"https:\/\/formulaenlosnegocios.com.mx\"],\"url\":\"https:\/\/formulaenlosnegocios.com.mx\/index.php\/author\/admin_jfwxjszx\/\"}]}<\/script>\n<!-- \/ Yoast SEO plugin. -->","yoast_head_json":{"title":"Las ventajas competitivas de la conciencia emociona - FORMULA EN LOS NEGOCIOS","description":"Lunes 30 de marzo 2026. F\u00f3rmula en los Negocios, La F\u00f3rmula del \u00c9xito. Conversaci\u00f3n con Gonzalo C\u00f3rdova y Roberto Cruz Lozano","robots":{"index":"index","follow":"follow","max-snippet":"max-snippet:-1","max-image-preview":"max-image-preview:large","max-video-preview":"max-video-preview:-1"},"canonical":"https:\/\/formulaenlosnegocios.com.mx\/index.php\/2026\/03\/31\/las-ventajas-competitivas-de-la-conciencia-emociona\/","og_locale":"es_ES","og_type":"article","og_title":"Las ventajas competitivas de la conciencia emociona - FORMULA EN LOS NEGOCIOS","og_description":"Lunes 30 de marzo 2026. F\u00f3rmula en los Negocios, La F\u00f3rmula del \u00c9xito. Conversaci\u00f3n con Gonzalo C\u00f3rdova y Roberto Cruz Lozano","og_url":"https:\/\/formulaenlosnegocios.com.mx\/index.php\/2026\/03\/31\/las-ventajas-competitivas-de-la-conciencia-emociona\/","og_site_name":"FORMULA EN LOS NEGOCIOS","article_published_time":"2026-03-31T18:27:24+00:00","og_image":[{"width":1280,"height":720,"url":"https:\/\/formulaenlosnegocios.com.mx\/wp-content\/uploads\/2026\/03\/LUNES-30-SIN.png","type":"image\/png"}],"author":"admin","twitter_card":"summary_large_image","twitter_misc":{"Escrito por":"admin","Tiempo de lectura":"8 minutos"},"schema":{"@context":"https:\/\/schema.org","@graph":[{"@type":"Article","@id":"https:\/\/formulaenlosnegocios.com.mx\/index.php\/2026\/03\/31\/las-ventajas-competitivas-de-la-conciencia-emociona\/#article","isPartOf":{"@id":"https:\/\/formulaenlosnegocios.com.mx\/index.php\/2026\/03\/31\/las-ventajas-competitivas-de-la-conciencia-emociona\/"},"author":{"name":"admin","@id":"https:\/\/formulaenlosnegocios.com.mx\/#\/schema\/person\/40e5e3a1b959289164d9a67d77d82bf6"},"headline":"Las ventajas competitivas de la conciencia emociona","datePublished":"2026-03-31T18:27:24+00:00","mainEntityOfPage":{"@id":"https:\/\/formulaenlosnegocios.com.mx\/index.php\/2026\/03\/31\/las-ventajas-competitivas-de-la-conciencia-emociona\/"},"wordCount":1727,"commentCount":0,"publisher":{"@id":"https:\/\/formulaenlosnegocios.com.mx\/#organization"},"image":{"@id":"https:\/\/formulaenlosnegocios.com.mx\/index.php\/2026\/03\/31\/las-ventajas-competitivas-de-la-conciencia-emociona\/#primaryimage"},"thumbnailUrl":"https:\/\/formulaenlosnegocios.com.mx\/wp-content\/uploads\/2026\/03\/LUNES-30-SIN.png","articleSection":["Management"],"inLanguage":"es","potentialAction":[{"@type":"CommentAction","name":"Comment","target":["https:\/\/formulaenlosnegocios.com.mx\/index.php\/2026\/03\/31\/las-ventajas-competitivas-de-la-conciencia-emociona\/#respond"]}]},{"@type":"WebPage","@id":"https:\/\/formulaenlosnegocios.com.mx\/index.php\/2026\/03\/31\/las-ventajas-competitivas-de-la-conciencia-emociona\/","url":"https:\/\/formulaenlosnegocios.com.mx\/index.php\/2026\/03\/31\/las-ventajas-competitivas-de-la-conciencia-emociona\/","name":"Las ventajas competitivas de la conciencia emociona - FORMULA EN LOS NEGOCIOS","isPartOf":{"@id":"https:\/\/formulaenlosnegocios.com.mx\/#website"},"primaryImageOfPage":{"@id":"https:\/\/formulaenlosnegocios.com.mx\/index.php\/2026\/03\/31\/las-ventajas-competitivas-de-la-conciencia-emociona\/#primaryimage"},"image":{"@id":"https:\/\/formulaenlosnegocios.com.mx\/index.php\/2026\/03\/31\/las-ventajas-competitivas-de-la-conciencia-emociona\/#primaryimage"},"thumbnailUrl":"https:\/\/formulaenlosnegocios.com.mx\/wp-content\/uploads\/2026\/03\/LUNES-30-SIN.png","datePublished":"2026-03-31T18:27:24+00:00","description":"Lunes 30 de marzo 2026. F\u00f3rmula en los Negocios, La F\u00f3rmula del \u00c9xito. Conversaci\u00f3n con Gonzalo C\u00f3rdova y Roberto Cruz Lozano","breadcrumb":{"@id":"https:\/\/formulaenlosnegocios.com.mx\/index.php\/2026\/03\/31\/las-ventajas-competitivas-de-la-conciencia-emociona\/#breadcrumb"},"inLanguage":"es","potentialAction":[{"@type":"ReadAction","target":["https:\/\/formulaenlosnegocios.com.mx\/index.php\/2026\/03\/31\/las-ventajas-competitivas-de-la-conciencia-emociona\/"]}]},{"@type":"ImageObject","inLanguage":"es","@id":"https:\/\/formulaenlosnegocios.com.mx\/index.php\/2026\/03\/31\/las-ventajas-competitivas-de-la-conciencia-emociona\/#primaryimage","url":"https:\/\/formulaenlosnegocios.com.mx\/wp-content\/uploads\/2026\/03\/LUNES-30-SIN.png","contentUrl":"https:\/\/formulaenlosnegocios.com.mx\/wp-content\/uploads\/2026\/03\/LUNES-30-SIN.png","width":1280,"height":720},{"@type":"BreadcrumbList","@id":"https:\/\/formulaenlosnegocios.com.mx\/index.php\/2026\/03\/31\/las-ventajas-competitivas-de-la-conciencia-emociona\/#breadcrumb","itemListElement":[{"@type":"ListItem","position":1,"name":"Portada","item":"https:\/\/formulaenlosnegocios.com.mx\/"},{"@type":"ListItem","position":2,"name":"Las ventajas competitivas de la conciencia emociona"}]},{"@type":"WebSite","@id":"https:\/\/formulaenlosnegocios.com.mx\/#website","url":"https:\/\/formulaenlosnegocios.com.mx\/","name":"FORMULA EN LOS NEGOCIOS","description":"La F\u00f3rmula del \u00c9xito.  El mejor contenido empesarial","publisher":{"@id":"https:\/\/formulaenlosnegocios.com.mx\/#organization"},"potentialAction":[{"@type":"SearchAction","target":{"@type":"EntryPoint","urlTemplate":"https:\/\/formulaenlosnegocios.com.mx\/?s={search_term_string}"},"query-input":{"@type":"PropertyValueSpecification","valueRequired":true,"valueName":"search_term_string"}}],"inLanguage":"es"},{"@type":"Organization","@id":"https:\/\/formulaenlosnegocios.com.mx\/#organization","name":"FORMULA EN LOS NEGOCIOS","url":"https:\/\/formulaenlosnegocios.com.mx\/","logo":{"@type":"ImageObject","inLanguage":"es","@id":"https:\/\/formulaenlosnegocios.com.mx\/#\/schema\/logo\/image\/","url":"https:\/\/formulaenlosnegocios.com.mx\/wp-content\/uploads\/2025\/04\/cropped-logo-fen-2.jpg","contentUrl":"https:\/\/formulaenlosnegocios.com.mx\/wp-content\/uploads\/2025\/04\/cropped-logo-fen-2.jpg","width":512,"height":280,"caption":"FORMULA EN LOS NEGOCIOS"},"image":{"@id":"https:\/\/formulaenlosnegocios.com.mx\/#\/schema\/logo\/image\/"}},{"@type":"Person","@id":"https:\/\/formulaenlosnegocios.com.mx\/#\/schema\/person\/40e5e3a1b959289164d9a67d77d82bf6","name":"admin","image":{"@type":"ImageObject","inLanguage":"es","@id":"https:\/\/formulaenlosnegocios.com.mx\/#\/schema\/person\/image\/","url":"https:\/\/secure.gravatar.com\/avatar\/1f9b3ac5cdb8ccf60c394ddadc6a8a1e?s=96&d=mm&r=g","contentUrl":"https:\/\/secure.gravatar.com\/avatar\/1f9b3ac5cdb8ccf60c394ddadc6a8a1e?s=96&d=mm&r=g","caption":"admin"},"sameAs":["https:\/\/formulaenlosnegocios.com.mx"],"url":"https:\/\/formulaenlosnegocios.com.mx\/index.php\/author\/admin_jfwxjszx\/"}]}},"jetpack_featured_media_url":"https:\/\/formulaenlosnegocios.com.mx\/wp-content\/uploads\/2026\/03\/LUNES-30-SIN.png","_links":{"self":[{"href":"https:\/\/formulaenlosnegocios.com.mx\/index.php\/wp-json\/wp\/v2\/posts\/1777","targetHints":{"allow":["GET"]}}],"collection":[{"href":"https:\/\/formulaenlosnegocios.com.mx\/index.php\/wp-json\/wp\/v2\/posts"}],"about":[{"href":"https:\/\/formulaenlosnegocios.com.mx\/index.php\/wp-json\/wp\/v2\/types\/post"}],"author":[{"embeddable":true,"href":"https:\/\/formulaenlosnegocios.com.mx\/index.php\/wp-json\/wp\/v2\/users\/1"}],"replies":[{"embeddable":true,"href":"https:\/\/formulaenlosnegocios.com.mx\/index.php\/wp-json\/wp\/v2\/comments?post=1777"}],"version-history":[{"count":1,"href":"https:\/\/formulaenlosnegocios.com.mx\/index.php\/wp-json\/wp\/v2\/posts\/1777\/revisions"}],"predecessor-version":[{"id":1779,"href":"https:\/\/formulaenlosnegocios.com.mx\/index.php\/wp-json\/wp\/v2\/posts\/1777\/revisions\/1779"}],"wp:featuredmedia":[{"embeddable":true,"href":"https:\/\/formulaenlosnegocios.com.mx\/index.php\/wp-json\/wp\/v2\/media\/1778"}],"wp:attachment":[{"href":"https:\/\/formulaenlosnegocios.com.mx\/index.php\/wp-json\/wp\/v2\/media?parent=1777"}],"wp:term":[{"taxonomy":"category","embeddable":true,"href":"https:\/\/formulaenlosnegocios.com.mx\/index.php\/wp-json\/wp\/v2\/categories?post=1777"},{"taxonomy":"post_tag","embeddable":true,"href":"https:\/\/formulaenlosnegocios.com.mx\/index.php\/wp-json\/wp\/v2\/tags?post=1777"}],"curies":[{"name":"wp","href":"https:\/\/api.w.org\/{rel}","templated":true}]}}