{"id":1835,"date":"2026-04-29T05:57:12","date_gmt":"2026-04-29T11:57:12","guid":{"rendered":"https:\/\/formulaenlosnegocios.com.mx\/?p=1835"},"modified":"2026-04-29T05:57:12","modified_gmt":"2026-04-29T11:57:12","slug":"el-lenguaje-que-nos-habita-liderazgo-consciente-desde-el-ser","status":"publish","type":"post","link":"https:\/\/formulaenlosnegocios.com.mx\/index.php\/2026\/04\/29\/el-lenguaje-que-nos-habita-liderazgo-consciente-desde-el-ser\/","title":{"rendered":"El lenguaje que nos habita: liderazgo consciente desde el ser"},"content":{"rendered":"<p class=\"p1\"><b>El lenguaje que nos habita: liderazgo consciente desde el ser<\/b><\/p>\n<p class=\"p1\">Gonzalo C\u00f3rdova<\/p>\n<p class=\"p1\">Hay una pregunta que pocas veces nos hacemos en medio de la vor\u00e1gine del d\u00eda a d\u00eda, en las<\/p>\n<p class=\"p1\">reuniones interminables, en los lanzamientos, en los cierres de trimestre, en la presi\u00f3n constante de<\/p>\n<p class=\"p1\">crecer, de mejorar, de competir: \u00bfQui\u00e9n est\u00e1 tomando las decisiones que tomo?<\/p>\n<p class=\"p1\">No me refiero a si eres t\u00fa o tu socio, tu directora de operaciones o tu junta directiva. Me refiero a algo<\/p>\n<p class=\"p1\">m\u00e1s profundo, m\u00e1s inc\u00f3modo, m\u00e1s revelador: \u00bfdesde qu\u00e9 lugar interior est\u00e1s liderando? \u00bfDesde el<\/p>\n<p class=\"p1\">miedo o desde la confianza? \u00bfDesde la necesidad de controlar o desde la capacidad de confiar?<\/p>\n<p class=\"p1\">\u00bfDesde el ego que necesita tener raz\u00f3n, o desde la consciencia que necesita encontrar la verdad?<\/p>\n<p class=\"p1\">Estas preguntas no son filos\u00f3ficas en el sentido abstracto y lejano de la palabra. Son preguntas<\/p>\n<p class=\"p1\">urgentemente pr\u00e1cticas. Porque la calidad de tu liderazgo, y en consecuencia, la calidad de tu<\/p>\n<p class=\"p1\">empresa, tu equipo y tu vida, depende directamente de la calidad del observador que eres. Y aqu\u00ed es<\/p>\n<p class=\"p1\">donde la ontolog\u00eda del lenguaje entra en escena, no como un concepto acad\u00e9mico, sino como una<\/p>\n<p class=\"p1\">herramienta transformadora.<\/p>\n<p class=\"p1\">El ser que observa: la ontolog\u00eda del lenguaje como espejo<\/p>\n<p class=\"p1\">La ontolog\u00eda del lenguaje, desarrollada en buena parte por el fil\u00f3sofo chileno Rafael Echeverr\u00eda, parte<\/p>\n<p class=\"p1\">de una premisa que suena sencilla, pero lo cambia todo: os seres humanos somos seres ling\u00fc\u00edsticos.<\/p>\n<p class=\"p1\">No usamos el lenguaje simplemente para describir la realidad. Lo usamos para crear realidad.<\/p>\n<p class=\"p1\">Cuando dices \u201ceste equipo no funciona\u201d, no est\u00e1s haciendo un diagn\u00f3stico neutro. Est\u00e1s<\/p>\n<p class=\"p1\">construyendo una interpretaci\u00f3n que se convierte en realidad vivida. Y desde esa interpretaci\u00f3n,<\/p>\n<p class=\"p1\">tomas decisiones, das instrucciones, tratas a las personas, dise\u00f1as procesos. El lenguaje no es el<\/p>\n<p class=\"p1\">mapa del territorio: en muchos sentidos, es el territorio.<\/p>\n<p class=\"p1\">Esto tiene implicaciones enormes para el liderazgo. Porque si el lenguaje crea realidad, entonces la<\/p>\n<p class=\"p1\">forma en que hablas ,contigo mismo y con los dem\u00e1s, est\u00e1 literalmente esculpiendo el mundo en el<\/p>\n<p class=\"p1\">que operas. El l\u00edder que dice \u201cesto es imposible\u201d no est\u00e1 siendo realista: est\u00e1 clausurando<\/p>\n<p class=\"p1\">posibilidades. El que dice \u201cno hemos encontrado la manera todav\u00eda\u201d est\u00e1 manteniendo el espacio<\/p>\n<p class=\"p1\">abierto.<\/p>\n<p class=\"p1\">Pero hay algo a\u00fan m\u00e1s poderoso que lo que decimos: el observador que somos. Dos personas<\/p>\n<p class=\"p1\">pueden estar en la misma sala, escuchar la misma presentaci\u00f3n, y tener interpretaciones<\/p>\n<p class=\"p1\">radicalmente distintas. No porque una est\u00e9 equivocada, sino porque cada una observa desde su<\/p>\n<p class=\"p1\">historia, sus creencias, sus emociones, sus compromisos. A eso le llamamos el \u201cobservador\u201d.<\/p>\n<p class=\"p1\">El coaching ontol\u00f3gico trabaja precisamente sobre el observador. No te dice qu\u00e9 pensar, sino que te<\/p>\n<p class=\"p1\">invita a ver c\u00f3mo est\u00e1s pensando, desde d\u00f3nde est\u00e1s mirando. Y cuando ampl\u00edas o transformas el<\/p>\n<p class=\"p1\">observador que eres, el mundo cambia sin que el mundo haya cambiado. Cambia porque t\u00fa<\/p>\n<p class=\"p1\">cambias.El cuerpo habla lo que la mente calla<\/p>\n<p class=\"p1\">Uno de los grandes errores del liderazgo tradicional, ese que heredamos de una cultura corporativa<\/p>\n<p class=\"p1\">racionalista y cartesiana, es creer que liderar bien es una cuesti\u00f3n de pensamiento estrat\u00e9gico, de<\/p>\n<p class=\"p1\">an\u00e1lisis de datos, de planificaci\u00f3n rigurosa. Todo eso importa, claro que s\u00ed. Pero hay un dominio que<\/p>\n<p class=\"p1\">sistem\u00e1ticamente se ignora, y que sin embargo determina todo lo dem\u00e1s: el dominio emocional y<\/p>\n<p class=\"p1\">corporal.<\/p>\n<p class=\"p1\">La filosof\u00eda del lenguaje, especialmente en sus vertientes m\u00e1s contempor\u00e1neas vinculadas al<\/p>\n<p class=\"p1\">embodiment, la corporizaci\u00f3n, nos recuerda que no somos mentes que habitamos un cuerpo. Somos<\/p>\n<p class=\"p1\">cuerpos que piensan, sienten y act\u00faan de manera integrada. Las emociones no son ruido que<\/p>\n<p class=\"p1\">interfiere con la raz\u00f3n: son informaci\u00f3n. Son disposiciones para la acci\u00f3n. Son el idioma en el que el<\/p>\n<p class=\"p1\">cuerpo nos habla de lo que importa.<\/p>\n<p class=\"p1\">El miedo te dice que hay algo que proteger. La tristeza te se\u00f1ala una p\u00e9rdida que necesita ser<\/p>\n<p class=\"p1\">honrada. La rabia te indica que algo valioso est\u00e1 siendo violado. La alegr\u00eda te muestra que est\u00e1s<\/p>\n<p class=\"p1\">alineado con tu prop\u00f3sito. El resentimiento, esa emoci\u00f3n que tantos l\u00edderes cargan en silencio, te<\/p>\n<p class=\"p1\">habla de una promesa no cumplida, de expectativas no expresadas, de conversaciones pendientes<\/p>\n<p class=\"p1\">que no se han dado.<\/p>\n<p class=\"p1\">Un l\u00edder que no tiene acceso a su mundo emocional es como un piloto que vuela con la mitad de los<\/p>\n<p class=\"p1\">instrumentos apagados. Puede que llegue al destino. Pero el riesgo es enorme, y el costo personal,<\/p>\n<p class=\"p1\">devastador.<\/p>\n<p class=\"p1\">La consciencia emocional no es debilidad. Es sofisticaci\u00f3n. Es la capacidad de estar con lo que es,<\/p>\n<p class=\"p1\">sin negarlo ni ser arrastrado por ello. Es la diferencia entre reaccionar desde el automatismo y<\/p>\n<p class=\"p1\">responder desde la elecci\u00f3n.<\/p>\n<p class=\"p1\">La trampa del personaje que creemos ser<\/p>\n<p class=\"p1\">Aqu\u00ed viene algo que puede ser inc\u00f3modo, pero que vale la pena sostener: la mayor\u00eda de los l\u00edderes no<\/p>\n<p class=\"p1\">se lideran a s\u00ed mismos, se interpretan a s\u00ed mismos.<\/p>\n<p class=\"p1\">\u00bfQu\u00e9 quiero decir con esto? Que en alg\u00fan momento de nuestra vida, generalmente en la infancia, en<\/p>\n<p class=\"p1\">la adolescencia, en las primeras experiencias de trabajo, construimos una narrativa sobre qui\u00e9nes<\/p>\n<p class=\"p1\">somos. \u201cSoy el que no falla.\u201d \u201cSoy el que puede con todo.\u201d \u201cSoy el que no necesita ayuda.\u201d \u201cSoy el<\/p>\n<p class=\"p1\">que tiene que ser fuerte.\u201d \u201cSoy el que nunca muestra vulnerabilidad.\u201d<\/p>\n<p class=\"p1\">Esas narrativas tienen una funci\u00f3n: nos protegen, nos dan identidad, nos ayudan a navegar el mundo.<\/p>\n<p class=\"p1\">Pero cuando se vuelven r\u00edgidas, cuando dejamos de cuestionarlas, cuando las confundimos con la<\/p>\n<p class=\"p1\">verdad de qui\u00e9nes somos, se convierten en prisiones muy bien decoradas.<\/p>\n<p class=\"p1\">El coaching ontol\u00f3gico trabaja con estas narrativas no para destruirlas, sino para volverlas<\/p>\n<p class=\"p1\">conscientes. Para que dejen de ser el aire que respiramos, invisible e incuestionable, y se conviertan<\/p>\n<p class=\"p1\">en algo que podemos ver, examinar, y si es necesario, reescribir.Ser un l\u00edder consciente no significa ser un l\u00edder perfecto. Significa ser un l\u00edder despierto. Uno que sabe<\/p>\n<p class=\"p1\">que tiene puntos ciegos, que tiene miedos, que tiene patrones que lo limitan, y que, justamente por<\/p>\n<p class=\"p1\">saberlo. tiene la capacidad de elegir de manera m\u00e1s libre y m\u00e1s genuina.<\/p>\n<p class=\"p1\">El poder de los actos ling\u00fc\u00edsticos<\/p>\n<p class=\"p1\">Volvamos al lenguaje, porque hay algo espec\u00edfico que los l\u00edderes suelen descuidar con<\/p>\n<p class=\"p1\">consecuencias enormes: la calidad de sus compromisos conversacionales.<\/p>\n<p class=\"p1\">En la ontolog\u00eda del lenguaje, los actos de habla, las declaraciones, las peticiones, las promesas, las<\/p>\n<p class=\"p1\">afirmaciones, no son simples palabras. Son acciones que crean o destruyen mundos relacionales.<\/p>\n<p class=\"p1\">Cuando un l\u00edder hace una promesa que no cumple, no solo incumple una tarea. Erosiona la<\/p>\n<p class=\"p1\">confianza. Y la confianza, como saben bien quienes han liderado equipos, es la moneda m\u00e1s valiosa<\/p>\n<p class=\"p1\">y m\u00e1s fr\u00e1gil que existe.<\/p>\n<p class=\"p1\">\u00bfCu\u00e1ntas reuniones has tenido en las que se habl\u00f3 de todo pero no se comprometi\u00f3 nada?<\/p>\n<p class=\"p1\">\u00bfCu\u00e1ntas veces has salido de una conversaci\u00f3n con la sensaci\u00f3n de que el otro d\u0133o que s\u00ed, pero en<\/p>\n<p class=\"p1\">realidad no? \u00bfCu\u00e1ntas veces *t\u00fa* d\u0133iste que s\u00ed cuando quer\u00edas decir no, y ese s\u00ed te cost\u00f3 energ\u00eda,<\/p>\n<p class=\"p1\">tiempo y resentimiento?<\/p>\n<p class=\"p1\">La comunicaci\u00f3n consciente empieza por hacerse responsable del lenguaje que usas. Por hacer<\/p>\n<p class=\"p1\">peticiones claras en lugar de quejas vagas. Por hacer promesas genuinas en lugar de compromisos<\/p>\n<p class=\"p1\">diplom\u00e1ticos. Por atreverte a decir no con honestidad y respeto, en lugar de un s\u00ed que no le sirve a<\/p>\n<p class=\"p1\">nadie.<\/p>\n<p class=\"p1\">Un equipo que opera con conversaciones de alta calidad, donde se puede pedir, ofrecer,<\/p>\n<p class=\"p1\">comprometerse, declinar, renegociar, es un equipo que opera desde la confianza. Y un l\u00edder que<\/p>\n<p class=\"p1\">modela eso, que tiene esas conversaciones dif\u00edciles con gracia y con valent\u00eda, es un l\u00edder que libera el<\/p>\n<p class=\"p1\">potencial de todos a su alrededor.<\/p>\n<p class=\"p1\">Liderazgo consciente: no es un destino, es una pr\u00e1ctica<\/p>\n<p class=\"p1\">Hay una ilusi\u00f3n muy extendida en el mundo del desarrollo personal y del liderazgo: que hay un punto<\/p>\n<p class=\"p1\">de llegada. Que si lees suficientes libros, si haces suficientes talleres, si trabajas con suficientes<\/p>\n<p class=\"p1\">coachees, vas a llegar a un lugar de iluminaci\u00f3n desde el cual liderar\u00e1s con perfecta ecuanimidad y<\/p>\n<p class=\"p1\">sabidur\u00eda.<\/p>\n<p class=\"p1\">Eso no existe. Y creerlo, parad\u00f3jicamente, es uno de los mayores obst\u00e1culos al crecimiento.<\/p>\n<p class=\"p1\">El liderazgo consciente no es un estado que se alcanza. Es una pr\u00e1ctica que se sostiene. Es la<\/p>\n<p class=\"p1\">disposici\u00f3n de levantarte cada ma\u00f1ana y preguntarte: \u00bfDesde qu\u00e9 lugar quiero liderar hoy? \u00bfQu\u00e9<\/p>\n<p class=\"p1\">observador quiero ser? \u00bfQu\u00e9 conversaciones estoy evitando? \u00bfQu\u00e9 emociones estoy ignorando?<\/p>\n<p class=\"p1\">\u00bfQu\u00e9 promesas tengo pendientes?<\/p>\n<p class=\"p1\">Es un camino de autoconocimiento que no tiene fin porque t\u00fa mismo eres un ser en permanente<\/p>\n<p class=\"p1\">transformaci\u00f3n. Lo que hoy te limita, ma\u00f1ana puede ser tu mayor fortaleza. Lo que hoy te parece una<\/p>\n<p class=\"p1\">certeza, ma\u00f1ana puede revelarse como un prejuicio. La humildad epist\u00e9mica, saber que no sabemostodo, que nuestra interpretaci\u00f3n siempre es parcial, no es debilidad intelectual. Es la condici\u00f3n de<\/p>\n<p class=\"p1\">posibilidad del aprendizaje genuino.<\/p>\n<p class=\"p1\">Y en el mundo del emprendimiento y los negocios, donde la velocidad del cambio es implacable, los<\/p>\n<p class=\"p1\">l\u00edderes que aprenden m\u00e1s r\u00e1pido son los que sobreviven y los que prosperan. No los m\u00e1s<\/p>\n<p class=\"p1\">inteligentes, no los m\u00e1s carism\u00e1ticos, no los que tienen la mejor estrategia. Los que aprenden. Los<\/p>\n<p class=\"p1\">que se cuestionan. Los que se atreven a ver lo que no quieren ver.<\/p>\n<p class=\"p1\">Cinco claves pr\u00e1cticas para adentrarte en tu mundo emocional<\/p>\n<p class=\"p1\">Hablar de consciencia y de liderazgo desde el ser puede sonar hermoso y al mismo tiempo et\u00e9reo.<\/p>\n<p class=\"p1\">Por eso quiero cerrar con cinco claves concretas, accionables hoy mismo, para que empieces a<\/p>\n<p class=\"p1\">integrar el mundo emocional, el tuyo y el de tu equipo, en tu pr\u00e1ctica de liderazgo.<\/p>\n<p class=\"p1\">1. Nombra lo que sientes antes de actuar<\/p>\n<p class=\"p1\">Las emociones que no se nombran no desaparecen. Se disfrazan. Se convierten en tono, en<\/p>\n<p class=\"p1\">urgencia, en impaciencia, en distancia. La pr\u00f3xima vez que vayas a tomar una decisi\u00f3n importante o a<\/p>\n<p class=\"p1\">tener una conversaci\u00f3n dif\u00edcil, detente un momento y preg\u00fantate: \u00bfQu\u00e9 estoy sintiendo ahora mismo?<\/p>\n<p class=\"p1\">No para que la emoci\u00f3n tome el control, sino para que no lo tome sin que te des cuenta. Nombrarla<\/p>\n<p class=\"p1\">\u201csiento ansiedad\u201d, \u201csiento frustraci\u00f3n\u201d, \u201csiento entusiasmo\u201d, te da distancia y te permite elegir c\u00f3mo<\/p>\n<p class=\"p1\">responder en lugar de simplemente reaccionar.<\/p>\n<p class=\"p1\">2. Desarrolla el h\u00e1bito de la \u201cpausa reflexiva\u201d<\/p>\n<p class=\"p1\">Los l\u00edderes m\u00e1s efectivos que conozco tienen una pr\u00e1ctica en com\u00fan: antes de responder, respiran.<\/p>\n<p class=\"p1\">Antes de escribir ese correo desde la rabia, lo guardan como borrador. Antes de entrar a una reuni\u00f3n<\/p>\n<p class=\"p1\">tensa, se toman tres minutos en silencio.<\/p>\n<p class=\"p1\">La pausa reflexiva no es p\u00e9rdida de tiempo. Es el espacio entre el est\u00edmulo y la respuesta donde vive<\/p>\n<p class=\"p1\">tu libertad. En ese espacio puedes preguntarte: \u00bfEsta respuesta me representa? \u00bfEst\u00e1 alineada con<\/p>\n<p class=\"p1\">el l\u00edder que quiero ser? \u00bfViene del miedo o de la confianza?<\/p>\n<p class=\"p1\">3. Practica la \u201cdeclaraci\u00f3n de estado emocional\u201d con tu equipo<\/p>\n<p class=\"p1\">Si quieres crear una cultura emocionalmente inteligente, tienes que modelarla. Empieza tus reuniones<\/p>\n<p class=\"p1\">con una ronda donde cada persona, incluy\u00e9ndote t\u00fa, comparte en una o dos palabras c\u00f3mo llega.<\/p>\n<p class=\"p1\">No para dramatizar, sino para establecer presencia y conexi\u00f3n real.<\/p>\n<p class=\"p1\">\u201cLlego cansado pero comprometido.\u201d \u201cLlego con mucha energ\u00eda.\u201d \u201cLlego preocupado por una<\/p>\n<p class=\"p1\">situaci\u00f3n personal, pero aqu\u00ed estoy.\u201d Esa transparencia no debilita al equipo: lo humaniza, lo<\/p>\n<p class=\"p1\">cohesiona, y crea las condiciones para la colaboraci\u00f3n aut\u00e9ntica.4. Aprende a distinguir entre emoci\u00f3n e historia<\/p>\n<p class=\"p1\">Esto es fundamental: las emociones son sensaciones en el cuerpo. Las historias son las narrativas<\/p>\n<p class=\"p1\">que construimos alrededor de esas sensaciones para explicarlas. Cuando sientes rabia, la rabia es<\/p>\n<p class=\"p1\">real. Pero la historia de \u201cme est\u00e1s irrespetando intencionalmente\u201d puede o no ser cierta.<\/p>\n<p class=\"p1\">Aprende a separar las dos capas. Cuando algo te afecta, preg\u00fantate: \u00bfQu\u00e9 estoy sintiendo en el<\/p>\n<p class=\"p1\">cuerpo? \u00bfQu\u00e9 historia me estoy contando sobre por qu\u00e9 siento esto? \u00bfEsa historia es la \u00fanica<\/p>\n<p class=\"p1\">posible? Esta sola pr\u00e1ctica puede transformar radicalmente la calidad de tus relaciones profesionales<\/p>\n<p class=\"p1\">y personales.<\/p>\n<p class=\"p1\">5. Busca un espacio de conversaci\u00f3n sin agenda de resultado<\/p>\n<p class=\"p1\">El coaching ontol\u00f3gico, la terapia, los grupos de pares de alta confianza, los retiros de introspecci\u00f3n:<\/p>\n<p class=\"p1\">todos comparten algo esencial. Son espacios donde puedes hablar de ti sin que nadie te est\u00e9<\/p>\n<p class=\"p1\">evaluando, sin que el resultado sea una tarea o una m\u00e9trica.<\/p>\n<p class=\"p1\">Los l\u00edderes raramente tienen esos espacios. Y sin embargo, son los que m\u00e1s los necesitan. Si no<\/p>\n<p class=\"p1\">tienes uno, cr\u00e9alo. Busca un coach, un mentor, un espacio de reflexi\u00f3n regular. No como lujo, sino<\/p>\n<p class=\"p1\">como mantenimiento esencial del instrumento m\u00e1s importante que tienes en tu trabajo: t\u00fa mismo.<\/p>\n<p class=\"p1\">A modo de cierre: la consciencia como ventaja competitiva<\/p>\n<p class=\"p1\">Vivimos en una \u00e9poca en que la inteligencia artificial puede procesar m\u00e1s datos que cualquier ser<\/p>\n<p class=\"p1\">humano, en que los algoritmos pueden optimizar m\u00e1s r\u00e1pido que cualquier equipo. Pero hay algo que<\/p>\n<p class=\"p1\">ninguna m\u00e1quina puede replicar: la capacidad de un ser humano consciente de relacionarse con otro<\/p>\n<p class=\"p1\">ser humano desde la presencia, desde la empat\u00eda, desde el compromiso genuino con algo que<\/p>\n<p class=\"p1\">trasciende el beneficio inmediato.<\/p>\n<p class=\"p1\">Eso es lo que el liderazgo consciente pone sobre la mesa. No como alternativa a la estrategia o a la<\/p>\n<p class=\"p1\">ejecuci\u00f3n, sino como su fundamento m\u00e1s profundo.<\/p>\n<p class=\"p1\">El lenguaje que usas est\u00e1 creando tu empresa. Las emociones que habitas est\u00e1n moldeando tu<\/p>\n<p class=\"p1\">cultura. El observador que eres est\u00e1 determinando las posibilidades que ves o no ves. Y la buena<\/p>\n<p class=\"p1\">noticia, la noticia que hace que valga la pena este camino, es que todo eso puede transformarse. No<\/p>\n<p class=\"p1\">de la noche a la ma\u00f1ana, no sin esfuerzo, pero s\u00ed de manera genuina y sostenida.<\/p>\n<p class=\"p1\">Porque al final, el liderazgo m\u00e1s poderoso no es el que mueve mercados. Es el que mueve personas.<\/p>\n<p class=\"p1\">Y para mover a otros, primero hay que atreverse a moverse a uno mismo.<b>Gonzalo C\u00f3rdova: Coach Ejecutivo y Estratega Conversacional<\/b><\/p>\n<p class=\"p2\">Redes: @gonzalocordova<\/p>\n<p class=\"p2\">Podcast: BeingLab<\/p>\n<p class=\"p2\">Gonzalo C\u00f3rdova est\u00e1 dedicado al desarrollo humano, es un<\/p>\n<p class=\"p2\">reconocido estratega conversacional, experto en innovar seres humanos y dinamizar l\u00edderes. Es<\/p>\n<p class=\"p2\">facilitador, conferencista, coach personal y organizacional. Ha acompa\u00f1ado a miles de personas<\/p>\n<p class=\"p2\">en procesos internacionales de entrenamiento, transformaci\u00f3n y liderazgo. Ha sido certificado por<\/p>\n<p class=\"p2\">la International Coach Federation, nivel PCC y The Newfield Network USA. Mentorizado por Julio<\/p>\n<p class=\"p2\">Olalla, referente mundial del coaching ontol\u00f3gico. Licenciado en Ciencias de la Comunicaci\u00f3n por<\/p>\n<p class=\"p2\">la Universidad An\u00e1huac M\u00e9xico, fundador de BeingLab, organizaci\u00f3n con la cual ha creado<\/p>\n<p class=\"p2\">procesos de liderazgo y mejora para ejecutivos de m\u00e1s de 25 pa\u00edses. Radica con su familia en San<\/p>\n<p class=\"p2\">Francisco California, EEUU<span class=\"s1\">.<\/span><\/p>\n","protected":false},"excerpt":{"rendered":"<p>El lenguaje que nos habita: liderazgo consciente desde el ser Gonzalo C\u00f3rdova Hay una pregunta que pocas veces nos hacemos en medio de la vor\u00e1gine del d\u00eda a d\u00eda, en las reuniones interminables, en los lanzamientos, en los cierres de&#8230; <\/p>\n","protected":false},"author":1,"featured_media":1836,"comment_status":"open","ping_status":"closed","sticky":false,"template":"","format":"standard","meta":{"footnotes":""},"categories":[24],"tags":[],"class_list":["post-1835","post","type-post","status-publish","format-standard","has-post-thumbnail","hentry","category-management"],"yoast_head":"<!-- This site is optimized with the Yoast SEO plugin v24.8.1 - https:\/\/yoast.com\/wordpress\/plugins\/seo\/ -->\n<title>El lenguaje que nos habita: liderazgo consciente desde el ser - FORMULA EN LOS NEGOCIOS<\/title>\n<meta name=\"description\" content=\"Lunes 27 de abril 2026. F\u00f3rmula en los Negocios, La F\u00f3rmula del \u00c9xito. Conversaci\u00f3n con Gonzalo C\u00f3rdova y Roberto Cruz Lozano\" \/>\n<meta name=\"robots\" content=\"index, follow, max-snippet:-1, max-image-preview:large, max-video-preview:-1\" \/>\n<link rel=\"canonical\" href=\"https:\/\/formulaenlosnegocios.com.mx\/index.php\/2026\/04\/29\/el-lenguaje-que-nos-habita-liderazgo-consciente-desde-el-ser\/\" \/>\n<meta property=\"og:locale\" content=\"es_ES\" \/>\n<meta property=\"og:type\" content=\"article\" \/>\n<meta property=\"og:title\" content=\"El lenguaje que nos habita: liderazgo consciente desde el ser - FORMULA EN LOS NEGOCIOS\" \/>\n<meta property=\"og:description\" content=\"Lunes 27 de abril 2026. F\u00f3rmula en los Negocios, La F\u00f3rmula del \u00c9xito. Conversaci\u00f3n con Gonzalo C\u00f3rdova y Roberto Cruz Lozano\" \/>\n<meta property=\"og:url\" content=\"https:\/\/formulaenlosnegocios.com.mx\/index.php\/2026\/04\/29\/el-lenguaje-que-nos-habita-liderazgo-consciente-desde-el-ser\/\" \/>\n<meta property=\"og:site_name\" content=\"FORMULA EN LOS NEGOCIOS\" \/>\n<meta property=\"article:published_time\" content=\"2026-04-29T11:57:12+00:00\" \/>\n<meta property=\"og:image\" content=\"https:\/\/formulaenlosnegocios.com.mx\/wp-content\/uploads\/2026\/04\/LUNES-27.png\" \/>\n\t<meta property=\"og:image:width\" content=\"1280\" \/>\n\t<meta property=\"og:image:height\" content=\"720\" \/>\n\t<meta property=\"og:image:type\" content=\"image\/png\" \/>\n<meta name=\"author\" content=\"admin\" \/>\n<meta name=\"twitter:card\" content=\"summary_large_image\" \/>\n<meta name=\"twitter:label1\" content=\"Escrito por\" \/>\n\t<meta name=\"twitter:data1\" content=\"admin\" \/>\n\t<meta name=\"twitter:label2\" content=\"Tiempo de lectura\" \/>\n\t<meta name=\"twitter:data2\" content=\"11 minutos\" \/>\n<script type=\"application\/ld+json\" class=\"yoast-schema-graph\">{\"@context\":\"https:\/\/schema.org\",\"@graph\":[{\"@type\":\"Article\",\"@id\":\"https:\/\/formulaenlosnegocios.com.mx\/index.php\/2026\/04\/29\/el-lenguaje-que-nos-habita-liderazgo-consciente-desde-el-ser\/#article\",\"isPartOf\":{\"@id\":\"https:\/\/formulaenlosnegocios.com.mx\/index.php\/2026\/04\/29\/el-lenguaje-que-nos-habita-liderazgo-consciente-desde-el-ser\/\"},\"author\":{\"name\":\"admin\",\"@id\":\"https:\/\/formulaenlosnegocios.com.mx\/#\/schema\/person\/40e5e3a1b959289164d9a67d77d82bf6\"},\"headline\":\"El lenguaje que nos habita: liderazgo consciente desde el ser\",\"datePublished\":\"2026-04-29T11:57:12+00:00\",\"mainEntityOfPage\":{\"@id\":\"https:\/\/formulaenlosnegocios.com.mx\/index.php\/2026\/04\/29\/el-lenguaje-que-nos-habita-liderazgo-consciente-desde-el-ser\/\"},\"wordCount\":2505,\"commentCount\":0,\"publisher\":{\"@id\":\"https:\/\/formulaenlosnegocios.com.mx\/#organization\"},\"image\":{\"@id\":\"https:\/\/formulaenlosnegocios.com.mx\/index.php\/2026\/04\/29\/el-lenguaje-que-nos-habita-liderazgo-consciente-desde-el-ser\/#primaryimage\"},\"thumbnailUrl\":\"https:\/\/formulaenlosnegocios.com.mx\/wp-content\/uploads\/2026\/04\/LUNES-27.png\",\"articleSection\":[\"Management\"],\"inLanguage\":\"es\",\"potentialAction\":[{\"@type\":\"CommentAction\",\"name\":\"Comment\",\"target\":[\"https:\/\/formulaenlosnegocios.com.mx\/index.php\/2026\/04\/29\/el-lenguaje-que-nos-habita-liderazgo-consciente-desde-el-ser\/#respond\"]}]},{\"@type\":\"WebPage\",\"@id\":\"https:\/\/formulaenlosnegocios.com.mx\/index.php\/2026\/04\/29\/el-lenguaje-que-nos-habita-liderazgo-consciente-desde-el-ser\/\",\"url\":\"https:\/\/formulaenlosnegocios.com.mx\/index.php\/2026\/04\/29\/el-lenguaje-que-nos-habita-liderazgo-consciente-desde-el-ser\/\",\"name\":\"El lenguaje que nos habita: liderazgo consciente desde el ser - FORMULA EN LOS NEGOCIOS\",\"isPartOf\":{\"@id\":\"https:\/\/formulaenlosnegocios.com.mx\/#website\"},\"primaryImageOfPage\":{\"@id\":\"https:\/\/formulaenlosnegocios.com.mx\/index.php\/2026\/04\/29\/el-lenguaje-que-nos-habita-liderazgo-consciente-desde-el-ser\/#primaryimage\"},\"image\":{\"@id\":\"https:\/\/formulaenlosnegocios.com.mx\/index.php\/2026\/04\/29\/el-lenguaje-que-nos-habita-liderazgo-consciente-desde-el-ser\/#primaryimage\"},\"thumbnailUrl\":\"https:\/\/formulaenlosnegocios.com.mx\/wp-content\/uploads\/2026\/04\/LUNES-27.png\",\"datePublished\":\"2026-04-29T11:57:12+00:00\",\"description\":\"Lunes 27 de abril 2026. F\u00f3rmula en los Negocios, La F\u00f3rmula del \u00c9xito. Conversaci\u00f3n con Gonzalo C\u00f3rdova y Roberto Cruz Lozano\",\"breadcrumb\":{\"@id\":\"https:\/\/formulaenlosnegocios.com.mx\/index.php\/2026\/04\/29\/el-lenguaje-que-nos-habita-liderazgo-consciente-desde-el-ser\/#breadcrumb\"},\"inLanguage\":\"es\",\"potentialAction\":[{\"@type\":\"ReadAction\",\"target\":[\"https:\/\/formulaenlosnegocios.com.mx\/index.php\/2026\/04\/29\/el-lenguaje-que-nos-habita-liderazgo-consciente-desde-el-ser\/\"]}]},{\"@type\":\"ImageObject\",\"inLanguage\":\"es\",\"@id\":\"https:\/\/formulaenlosnegocios.com.mx\/index.php\/2026\/04\/29\/el-lenguaje-que-nos-habita-liderazgo-consciente-desde-el-ser\/#primaryimage\",\"url\":\"https:\/\/formulaenlosnegocios.com.mx\/wp-content\/uploads\/2026\/04\/LUNES-27.png\",\"contentUrl\":\"https:\/\/formulaenlosnegocios.com.mx\/wp-content\/uploads\/2026\/04\/LUNES-27.png\",\"width\":1280,\"height\":720},{\"@type\":\"BreadcrumbList\",\"@id\":\"https:\/\/formulaenlosnegocios.com.mx\/index.php\/2026\/04\/29\/el-lenguaje-que-nos-habita-liderazgo-consciente-desde-el-ser\/#breadcrumb\",\"itemListElement\":[{\"@type\":\"ListItem\",\"position\":1,\"name\":\"Portada\",\"item\":\"https:\/\/formulaenlosnegocios.com.mx\/\"},{\"@type\":\"ListItem\",\"position\":2,\"name\":\"El lenguaje que nos habita: liderazgo consciente desde el ser\"}]},{\"@type\":\"WebSite\",\"@id\":\"https:\/\/formulaenlosnegocios.com.mx\/#website\",\"url\":\"https:\/\/formulaenlosnegocios.com.mx\/\",\"name\":\"FORMULA EN LOS NEGOCIOS\",\"description\":\"La F\u00f3rmula del \u00c9xito.  El mejor contenido empesarial\",\"publisher\":{\"@id\":\"https:\/\/formulaenlosnegocios.com.mx\/#organization\"},\"potentialAction\":[{\"@type\":\"SearchAction\",\"target\":{\"@type\":\"EntryPoint\",\"urlTemplate\":\"https:\/\/formulaenlosnegocios.com.mx\/?s={search_term_string}\"},\"query-input\":{\"@type\":\"PropertyValueSpecification\",\"valueRequired\":true,\"valueName\":\"search_term_string\"}}],\"inLanguage\":\"es\"},{\"@type\":\"Organization\",\"@id\":\"https:\/\/formulaenlosnegocios.com.mx\/#organization\",\"name\":\"FORMULA EN LOS NEGOCIOS\",\"url\":\"https:\/\/formulaenlosnegocios.com.mx\/\",\"logo\":{\"@type\":\"ImageObject\",\"inLanguage\":\"es\",\"@id\":\"https:\/\/formulaenlosnegocios.com.mx\/#\/schema\/logo\/image\/\",\"url\":\"https:\/\/formulaenlosnegocios.com.mx\/wp-content\/uploads\/2025\/04\/cropped-logo-fen-2.jpg\",\"contentUrl\":\"https:\/\/formulaenlosnegocios.com.mx\/wp-content\/uploads\/2025\/04\/cropped-logo-fen-2.jpg\",\"width\":512,\"height\":280,\"caption\":\"FORMULA EN LOS NEGOCIOS\"},\"image\":{\"@id\":\"https:\/\/formulaenlosnegocios.com.mx\/#\/schema\/logo\/image\/\"}},{\"@type\":\"Person\",\"@id\":\"https:\/\/formulaenlosnegocios.com.mx\/#\/schema\/person\/40e5e3a1b959289164d9a67d77d82bf6\",\"name\":\"admin\",\"image\":{\"@type\":\"ImageObject\",\"inLanguage\":\"es\",\"@id\":\"https:\/\/formulaenlosnegocios.com.mx\/#\/schema\/person\/image\/\",\"url\":\"https:\/\/secure.gravatar.com\/avatar\/1f9b3ac5cdb8ccf60c394ddadc6a8a1e?s=96&d=mm&r=g\",\"contentUrl\":\"https:\/\/secure.gravatar.com\/avatar\/1f9b3ac5cdb8ccf60c394ddadc6a8a1e?s=96&d=mm&r=g\",\"caption\":\"admin\"},\"sameAs\":[\"https:\/\/formulaenlosnegocios.com.mx\"],\"url\":\"https:\/\/formulaenlosnegocios.com.mx\/index.php\/author\/admin_jfwxjszx\/\"}]}<\/script>\n<!-- \/ Yoast SEO plugin. -->","yoast_head_json":{"title":"El lenguaje que nos habita: liderazgo consciente desde el ser - FORMULA EN LOS NEGOCIOS","description":"Lunes 27 de abril 2026. F\u00f3rmula en los Negocios, La F\u00f3rmula del \u00c9xito. Conversaci\u00f3n con Gonzalo C\u00f3rdova y Roberto Cruz Lozano","robots":{"index":"index","follow":"follow","max-snippet":"max-snippet:-1","max-image-preview":"max-image-preview:large","max-video-preview":"max-video-preview:-1"},"canonical":"https:\/\/formulaenlosnegocios.com.mx\/index.php\/2026\/04\/29\/el-lenguaje-que-nos-habita-liderazgo-consciente-desde-el-ser\/","og_locale":"es_ES","og_type":"article","og_title":"El lenguaje que nos habita: liderazgo consciente desde el ser - FORMULA EN LOS NEGOCIOS","og_description":"Lunes 27 de abril 2026. F\u00f3rmula en los Negocios, La F\u00f3rmula del \u00c9xito. Conversaci\u00f3n con Gonzalo C\u00f3rdova y Roberto Cruz Lozano","og_url":"https:\/\/formulaenlosnegocios.com.mx\/index.php\/2026\/04\/29\/el-lenguaje-que-nos-habita-liderazgo-consciente-desde-el-ser\/","og_site_name":"FORMULA EN LOS NEGOCIOS","article_published_time":"2026-04-29T11:57:12+00:00","og_image":[{"width":1280,"height":720,"url":"https:\/\/formulaenlosnegocios.com.mx\/wp-content\/uploads\/2026\/04\/LUNES-27.png","type":"image\/png"}],"author":"admin","twitter_card":"summary_large_image","twitter_misc":{"Escrito por":"admin","Tiempo de lectura":"11 minutos"},"schema":{"@context":"https:\/\/schema.org","@graph":[{"@type":"Article","@id":"https:\/\/formulaenlosnegocios.com.mx\/index.php\/2026\/04\/29\/el-lenguaje-que-nos-habita-liderazgo-consciente-desde-el-ser\/#article","isPartOf":{"@id":"https:\/\/formulaenlosnegocios.com.mx\/index.php\/2026\/04\/29\/el-lenguaje-que-nos-habita-liderazgo-consciente-desde-el-ser\/"},"author":{"name":"admin","@id":"https:\/\/formulaenlosnegocios.com.mx\/#\/schema\/person\/40e5e3a1b959289164d9a67d77d82bf6"},"headline":"El lenguaje que nos habita: liderazgo consciente desde el ser","datePublished":"2026-04-29T11:57:12+00:00","mainEntityOfPage":{"@id":"https:\/\/formulaenlosnegocios.com.mx\/index.php\/2026\/04\/29\/el-lenguaje-que-nos-habita-liderazgo-consciente-desde-el-ser\/"},"wordCount":2505,"commentCount":0,"publisher":{"@id":"https:\/\/formulaenlosnegocios.com.mx\/#organization"},"image":{"@id":"https:\/\/formulaenlosnegocios.com.mx\/index.php\/2026\/04\/29\/el-lenguaje-que-nos-habita-liderazgo-consciente-desde-el-ser\/#primaryimage"},"thumbnailUrl":"https:\/\/formulaenlosnegocios.com.mx\/wp-content\/uploads\/2026\/04\/LUNES-27.png","articleSection":["Management"],"inLanguage":"es","potentialAction":[{"@type":"CommentAction","name":"Comment","target":["https:\/\/formulaenlosnegocios.com.mx\/index.php\/2026\/04\/29\/el-lenguaje-que-nos-habita-liderazgo-consciente-desde-el-ser\/#respond"]}]},{"@type":"WebPage","@id":"https:\/\/formulaenlosnegocios.com.mx\/index.php\/2026\/04\/29\/el-lenguaje-que-nos-habita-liderazgo-consciente-desde-el-ser\/","url":"https:\/\/formulaenlosnegocios.com.mx\/index.php\/2026\/04\/29\/el-lenguaje-que-nos-habita-liderazgo-consciente-desde-el-ser\/","name":"El lenguaje que nos habita: liderazgo consciente desde el ser - FORMULA EN LOS NEGOCIOS","isPartOf":{"@id":"https:\/\/formulaenlosnegocios.com.mx\/#website"},"primaryImageOfPage":{"@id":"https:\/\/formulaenlosnegocios.com.mx\/index.php\/2026\/04\/29\/el-lenguaje-que-nos-habita-liderazgo-consciente-desde-el-ser\/#primaryimage"},"image":{"@id":"https:\/\/formulaenlosnegocios.com.mx\/index.php\/2026\/04\/29\/el-lenguaje-que-nos-habita-liderazgo-consciente-desde-el-ser\/#primaryimage"},"thumbnailUrl":"https:\/\/formulaenlosnegocios.com.mx\/wp-content\/uploads\/2026\/04\/LUNES-27.png","datePublished":"2026-04-29T11:57:12+00:00","description":"Lunes 27 de abril 2026. F\u00f3rmula en los Negocios, La F\u00f3rmula del \u00c9xito. Conversaci\u00f3n con Gonzalo C\u00f3rdova y Roberto Cruz Lozano","breadcrumb":{"@id":"https:\/\/formulaenlosnegocios.com.mx\/index.php\/2026\/04\/29\/el-lenguaje-que-nos-habita-liderazgo-consciente-desde-el-ser\/#breadcrumb"},"inLanguage":"es","potentialAction":[{"@type":"ReadAction","target":["https:\/\/formulaenlosnegocios.com.mx\/index.php\/2026\/04\/29\/el-lenguaje-que-nos-habita-liderazgo-consciente-desde-el-ser\/"]}]},{"@type":"ImageObject","inLanguage":"es","@id":"https:\/\/formulaenlosnegocios.com.mx\/index.php\/2026\/04\/29\/el-lenguaje-que-nos-habita-liderazgo-consciente-desde-el-ser\/#primaryimage","url":"https:\/\/formulaenlosnegocios.com.mx\/wp-content\/uploads\/2026\/04\/LUNES-27.png","contentUrl":"https:\/\/formulaenlosnegocios.com.mx\/wp-content\/uploads\/2026\/04\/LUNES-27.png","width":1280,"height":720},{"@type":"BreadcrumbList","@id":"https:\/\/formulaenlosnegocios.com.mx\/index.php\/2026\/04\/29\/el-lenguaje-que-nos-habita-liderazgo-consciente-desde-el-ser\/#breadcrumb","itemListElement":[{"@type":"ListItem","position":1,"name":"Portada","item":"https:\/\/formulaenlosnegocios.com.mx\/"},{"@type":"ListItem","position":2,"name":"El lenguaje que nos habita: liderazgo consciente desde el ser"}]},{"@type":"WebSite","@id":"https:\/\/formulaenlosnegocios.com.mx\/#website","url":"https:\/\/formulaenlosnegocios.com.mx\/","name":"FORMULA EN LOS NEGOCIOS","description":"La F\u00f3rmula del \u00c9xito.  El mejor contenido empesarial","publisher":{"@id":"https:\/\/formulaenlosnegocios.com.mx\/#organization"},"potentialAction":[{"@type":"SearchAction","target":{"@type":"EntryPoint","urlTemplate":"https:\/\/formulaenlosnegocios.com.mx\/?s={search_term_string}"},"query-input":{"@type":"PropertyValueSpecification","valueRequired":true,"valueName":"search_term_string"}}],"inLanguage":"es"},{"@type":"Organization","@id":"https:\/\/formulaenlosnegocios.com.mx\/#organization","name":"FORMULA EN LOS NEGOCIOS","url":"https:\/\/formulaenlosnegocios.com.mx\/","logo":{"@type":"ImageObject","inLanguage":"es","@id":"https:\/\/formulaenlosnegocios.com.mx\/#\/schema\/logo\/image\/","url":"https:\/\/formulaenlosnegocios.com.mx\/wp-content\/uploads\/2025\/04\/cropped-logo-fen-2.jpg","contentUrl":"https:\/\/formulaenlosnegocios.com.mx\/wp-content\/uploads\/2025\/04\/cropped-logo-fen-2.jpg","width":512,"height":280,"caption":"FORMULA EN LOS NEGOCIOS"},"image":{"@id":"https:\/\/formulaenlosnegocios.com.mx\/#\/schema\/logo\/image\/"}},{"@type":"Person","@id":"https:\/\/formulaenlosnegocios.com.mx\/#\/schema\/person\/40e5e3a1b959289164d9a67d77d82bf6","name":"admin","image":{"@type":"ImageObject","inLanguage":"es","@id":"https:\/\/formulaenlosnegocios.com.mx\/#\/schema\/person\/image\/","url":"https:\/\/secure.gravatar.com\/avatar\/1f9b3ac5cdb8ccf60c394ddadc6a8a1e?s=96&d=mm&r=g","contentUrl":"https:\/\/secure.gravatar.com\/avatar\/1f9b3ac5cdb8ccf60c394ddadc6a8a1e?s=96&d=mm&r=g","caption":"admin"},"sameAs":["https:\/\/formulaenlosnegocios.com.mx"],"url":"https:\/\/formulaenlosnegocios.com.mx\/index.php\/author\/admin_jfwxjszx\/"}]}},"jetpack_featured_media_url":"https:\/\/formulaenlosnegocios.com.mx\/wp-content\/uploads\/2026\/04\/LUNES-27.png","_links":{"self":[{"href":"https:\/\/formulaenlosnegocios.com.mx\/index.php\/wp-json\/wp\/v2\/posts\/1835","targetHints":{"allow":["GET"]}}],"collection":[{"href":"https:\/\/formulaenlosnegocios.com.mx\/index.php\/wp-json\/wp\/v2\/posts"}],"about":[{"href":"https:\/\/formulaenlosnegocios.com.mx\/index.php\/wp-json\/wp\/v2\/types\/post"}],"author":[{"embeddable":true,"href":"https:\/\/formulaenlosnegocios.com.mx\/index.php\/wp-json\/wp\/v2\/users\/1"}],"replies":[{"embeddable":true,"href":"https:\/\/formulaenlosnegocios.com.mx\/index.php\/wp-json\/wp\/v2\/comments?post=1835"}],"version-history":[{"count":1,"href":"https:\/\/formulaenlosnegocios.com.mx\/index.php\/wp-json\/wp\/v2\/posts\/1835\/revisions"}],"predecessor-version":[{"id":1837,"href":"https:\/\/formulaenlosnegocios.com.mx\/index.php\/wp-json\/wp\/v2\/posts\/1835\/revisions\/1837"}],"wp:featuredmedia":[{"embeddable":true,"href":"https:\/\/formulaenlosnegocios.com.mx\/index.php\/wp-json\/wp\/v2\/media\/1836"}],"wp:attachment":[{"href":"https:\/\/formulaenlosnegocios.com.mx\/index.php\/wp-json\/wp\/v2\/media?parent=1835"}],"wp:term":[{"taxonomy":"category","embeddable":true,"href":"https:\/\/formulaenlosnegocios.com.mx\/index.php\/wp-json\/wp\/v2\/categories?post=1835"},{"taxonomy":"post_tag","embeddable":true,"href":"https:\/\/formulaenlosnegocios.com.mx\/index.php\/wp-json\/wp\/v2\/tags?post=1835"}],"curies":[{"name":"wp","href":"https:\/\/api.w.org\/{rel}","templated":true}]}}